{"id":3232,"date":"2025-01-25T18:35:23","date_gmt":"2025-01-25T18:35:23","guid":{"rendered":"https:\/\/tradeandtrail.net\/?p=3232"},"modified":"2025-10-12T14:29:22","modified_gmt":"2025-10-12T14:29:22","slug":"acuerdo-ue-mercosur-geoestrategia-y-oportunidades","status":"publish","type":"post","link":"https:\/\/tradeandtrail.net\/es\/acuerdo-ue-mercosur-geoestrategia-y-oportunidades\/","title":{"rendered":"ACUERDO UE-MERCOSUR:\u00a0\u00a0Geoestrategia y Oportunidades"},"content":{"rendered":"\t\t<div data-elementor-type=\"wp-post\" data-elementor-id=\"3232\" class=\"elementor elementor-3232\">\n\t\t\t\t<div class=\"elementor-element elementor-element-c2e6459 e-flex e-con-boxed e-con e-parent\" data-id=\"c2e6459\" data-element_type=\"container\" data-e-type=\"container\">\n\t\t\t\t\t<div class=\"e-con-inner\">\n\t\t\t\t<div class=\"elementor-element elementor-element-539f3e6 elementor-widget elementor-widget-image\" data-id=\"539f3e6\" data-element_type=\"widget\" data-e-type=\"widget\" data-widget_type=\"image.default\">\n\t\t\t\t<div class=\"elementor-widget-container\">\n\t\t\t\t\t\t\t\t\t\t\t\t\t\t\t<img fetchpriority=\"high\" decoding=\"async\" width=\"337\" height=\"334\" src=\"https:\/\/tradeandtrail.net\/wp-content\/uploads\/2025\/01\/image-1.png\" class=\"attachment-large size-large wp-image-3234\" alt=\"\" srcset=\"https:\/\/tradeandtrail.net\/wp-content\/uploads\/2025\/01\/image-1.png 337w, https:\/\/tradeandtrail.net\/wp-content\/uploads\/2025\/01\/image-1-300x297.png 300w, https:\/\/tradeandtrail.net\/wp-content\/uploads\/2025\/01\/image-1-150x150.png 150w, https:\/\/tradeandtrail.net\/wp-content\/uploads\/2025\/01\/image-1-12x12.png 12w\" sizes=\"(max-width: 337px) 100vw, 337px\" \/>\t\t\t\t\t\t\t\t\t\t\t\t\t\t\t<\/div>\n\t\t\t\t<\/div>\n\t\t\t\t\t<\/div>\n\t\t\t\t<\/div>\n\t\t<div class=\"elementor-element elementor-element-2356c83 e-flex e-con-boxed e-con e-parent\" data-id=\"2356c83\" data-element_type=\"container\" data-e-type=\"container\">\n\t\t\t\t\t<div class=\"e-con-inner\">\n\t\t\t\t<div class=\"elementor-element elementor-element-a540a07 elementor-widget elementor-widget-text-editor\" data-id=\"a540a07\" data-element_type=\"widget\" data-e-type=\"widget\" data-widget_type=\"text-editor.default\">\n\t\t\t\t<div class=\"elementor-widget-container\">\n\t\t\t\t\t\t\t\t\t<p><b><span data-contrast=\"auto\">Aprovechando la semana en la que Donald Trump ha iniciado su segundo mandato como presidente de Estados Unidos, lo que indica que vamos a tener una \u201cetapa intensa\u201d en lo relacionado con la geopol\u00edtica comercial, publicamos esta nueva entrada del blog; esta vez centrada en el Acuerdo entre la UE y Mercosur.<\/span><\/b><span data-contrast=\"auto\">\u00a0<\/span><span data-ccp-props=\"{&quot;335551550&quot;:6,&quot;335551620&quot;:6,&quot;335559738&quot;:240,&quot;335559739&quot;:240}\">\u00a0<\/span><\/p><p><b><span data-contrast=\"auto\">Hemos querido hacer este an\u00e1lisis sobre el Acuerdo UE-Mercosur precisamente en este momento por la importancia que puede tener este acuerdo para los dos bloques comerciales (la UE y el Mercosur) ante el panorama que podemos tener durante los pr\u00f3ximos a\u00f1os.\u00a0<\/span><\/b><span data-ccp-props=\"{&quot;335551550&quot;:6,&quot;335551620&quot;:6,&quot;335559738&quot;:240,&quot;335559739&quot;:240}\">\u00a0<\/span><\/p><p><b><span data-contrast=\"auto\">La idea de este art\u00edculo es analizar este Acuerdo desde el punto de vista de la geopol\u00edtica comercial, por lo que no entraremos en el debate de lo perjudicial o no que puede ser para algunos sectores ya que para eso ya tenemos las noticias de los peri\u00f3dicos y la infinidad de art\u00edculos de expertos en comercio internacional; sino que lo queremos abordar desde la perspectiva de la geoestrategia.\u00a0<\/span><\/b><span data-ccp-props=\"{&quot;335551550&quot;:6,&quot;335551620&quot;:6,&quot;335559738&quot;:240,&quot;335559739&quot;:240}\">\u00a0<\/span><\/p>\t\t\t\t\t\t\t\t<\/div>\n\t\t\t\t<\/div>\n\t\t\t\t\t<\/div>\n\t\t\t\t<\/div>\n\t\t<div class=\"elementor-element elementor-element-9f14254 e-flex e-con-boxed e-con e-parent\" data-id=\"9f14254\" data-element_type=\"container\" data-e-type=\"container\">\n\t\t\t\t\t<div class=\"e-con-inner\">\n\t\t\t\t<div class=\"elementor-element elementor-element-06eb0d9 elementor-widget elementor-widget-heading\" data-id=\"06eb0d9\" data-element_type=\"widget\" data-e-type=\"widget\" data-widget_type=\"heading.default\">\n\t\t\t\t<div class=\"elementor-widget-container\">\n\t\t\t\t\t<h2 class=\"elementor-heading-title elementor-size-default\">Importancia del Acuerdo UE-MERCOSUR\n\n <\/h2>\t\t\t\t<\/div>\n\t\t\t\t<\/div>\n\t\t\t\t\t<\/div>\n\t\t\t\t<\/div>\n\t\t<div class=\"elementor-element elementor-element-5d4c828 e-flex e-con-boxed e-con e-parent\" data-id=\"5d4c828\" data-element_type=\"container\" data-e-type=\"container\">\n\t\t\t\t\t<div class=\"e-con-inner\">\n\t\t\t\t<div class=\"elementor-element elementor-element-3c51945 elementor-widget elementor-widget-text-editor\" data-id=\"3c51945\" data-element_type=\"widget\" data-e-type=\"widget\" data-widget_type=\"text-editor.default\">\n\t\t\t\t<div class=\"elementor-widget-container\">\n\t\t\t\t\t\t\t\t\t<p><em><strong><span class=\"TextRun SCXW226737860 BCX0\" lang=\"ES-ES\" xml:lang=\"ES-ES\" data-contrast=\"auto\"><span class=\"NormalTextRun SCXW226737860 BCX0\">\u201cE<\/span><span class=\"NormalTextRun SCXW226737860 BCX0\">ste pacto posiciona a la <\/span><span class=\"NormalTextRun SCXW226737860 BCX0\">UE y<\/span><span class=\"NormalTextRun SCXW226737860 BCX0\"> a MERCOSUR como actores clave en el comercio <\/span><span class=\"NormalTextRun SCXW226737860 BCX0\">mundial<\/span><span class=\"NormalTextRun SCXW226737860 BCX0\">\u201d<\/span><\/span><span class=\"EOP SCXW226737860 BCX0\" data-ccp-props=\"{&quot;335551550&quot;:2,&quot;335551620&quot;:2,&quot;335559738&quot;:240,&quot;335559739&quot;:240}\">\u00a0<\/span><\/strong><\/em><\/p>\t\t\t\t\t\t\t\t<\/div>\n\t\t\t\t<\/div>\n\t\t\t\t\t<\/div>\n\t\t\t\t<\/div>\n\t\t<div class=\"elementor-element elementor-element-faaf687 e-flex e-con-boxed e-con e-parent\" data-id=\"faaf687\" data-element_type=\"container\" data-e-type=\"container\">\n\t\t\t\t\t<div class=\"e-con-inner\">\n\t\t\t\t<div class=\"elementor-element elementor-element-7ee19e9 elementor-widget elementor-widget-text-editor\" data-id=\"7ee19e9\" data-element_type=\"widget\" data-e-type=\"widget\" data-widget_type=\"text-editor.default\">\n\t\t\t\t<div class=\"elementor-widget-container\">\n\t\t\t\t\t\t\t\t\t<p><span data-contrast=\"auto\">El Acuerdo UE-MERCOSUR, negociado durante m\u00e1s de dos d\u00e9cadas, es uno de los tratados comerciales m\u00e1s ambiciosos jam\u00e1s propuestos entre dos bloques regionales. Implica a m\u00e1s de 780 millones de personas, abarca aproximadamente el 25% del PIB mundial y un comercio internacional combinado que supera los 125.000 millones \u20ac anuales.&nbsp;<\/span><span data-ccp-props=\"{&quot;335551550&quot;:6,&quot;335551620&quot;:6,&quot;335559738&quot;:240,&quot;335559739&quot;:240}\">&nbsp;<\/span><\/p>\n<p><span data-contrast=\"auto\">Se trata de uno de los acuerdos comerciales m\u00e1s importantes que se hayan firmado hasta el momento, ya que como comentamos en las entradas de este blog <\/span><a href=\"https:\/\/tradeandtrail.net\/es\/comercio-internacional-perspectivas-para-2025\/\" target=\"_blank\" rel=\"noopener\"><span data-contrast=\"auto\">sobre<\/span><span data-contrast=\"none\"> Perspectivas del Comercio mundial de 2025<\/span><\/a><span data-contrast=\"auto\">, y <\/span><a href=\"https:\/\/tradeandtrail.net\/es\/comercio-mundial-2024-principales-resultados\/\" target=\"_blank\" rel=\"noopener\"><span data-contrast=\"none\">An\u00e1lisis del Comercio Mundial de 2024<\/span><\/a><span data-contrast=\"auto\">, la regi\u00f3n de Am\u00e9rica Latina constituye una de las principales regiones comerciales del mundo con interesantes perspectivas de crecimiento. De hecho, ambos bloques comerciales (MERCOSUR y la UE) constituyen el 3er y 4\u00ba bloque comercial del mundo, respectivamente; representando entre ambos el 29% del comercio mundial.&nbsp;<\/span><span data-ccp-props=\"{&quot;335551550&quot;:6,&quot;335551620&quot;:6,&quot;335559738&quot;:240,&quot;335559739&quot;:240}\">&nbsp;<\/span><\/p>\n<p><span data-contrast=\"auto\">Por lo que este Acuerdo tambi\u00e9n tiene implicaciones importantes en el panorama geoestrat\u00e9gico actual, ya que frente a las tensiones comerciales con Estados Unidos y el avance de China en la influencia global, <\/span><b><span data-contrast=\"auto\">este pacto posiciona a la UE y a MERCOSUR como actores clave en el comercio mundial <\/span><\/b><span data-contrast=\"auto\">proporcionando una serie de ventajas geoestrat\u00e9gicas tanto para la UE como para los pa\u00edses del MERCOSUR.<\/span><span data-ccp-props=\"{&quot;335551550&quot;:6,&quot;335551620&quot;:6,&quot;335559738&quot;:240,&quot;335559739&quot;:240}\">&nbsp;<\/span><\/p>\t\t\t\t\t\t\t\t<\/div>\n\t\t\t\t<\/div>\n\t\t\t\t\t<\/div>\n\t\t\t\t<\/div>\n\t\t<div class=\"elementor-element elementor-element-9a275ea e-flex e-con-boxed e-con e-parent\" data-id=\"9a275ea\" data-element_type=\"container\" data-e-type=\"container\">\n\t\t\t\t\t<div class=\"e-con-inner\">\n\t\t\t\t<div class=\"elementor-element elementor-element-c999f5a elementor-widget elementor-widget-text-editor\" data-id=\"c999f5a\" data-element_type=\"widget\" data-e-type=\"widget\" data-widget_type=\"text-editor.default\">\n\t\t\t\t<div class=\"elementor-widget-container\">\n\t\t\t\t\t\t\t\t\t<p><b><span data-contrast=\"auto\">Ventajas Geoestrat\u00e9gicas para la UE:<\/span><\/b><span data-contrast=\"auto\">\u00a0<\/span><span data-ccp-props=\"{&quot;335551550&quot;:6,&quot;335551620&quot;:6,&quot;335559738&quot;:240,&quot;335559739&quot;:240}\">\u00a0<\/span><\/p><p><b><i><span data-contrast=\"auto\">\u201cEste acuerdo refuerza la influencia europea en decisiones globales contrarrestando el creciente peso de los BRICS\u201d<\/span><\/i><\/b><span data-ccp-props=\"{&quot;335551550&quot;:2,&quot;335551620&quot;:2,&quot;335559738&quot;:240,&quot;335559739&quot;:240}\">\u00a0<\/span><\/p><p style=\"text-align: center;\"><b><i><span data-contrast=\"auto\">\u201cEl bloque sudamericano representa un destino alternativo para exportaciones europeas en un contexto de tensiones con EEUU y la competencia de China\u201d<\/span><\/i><\/b><span data-ccp-props=\"{&quot;335551550&quot;:2,&quot;335551620&quot;:2,&quot;335559738&quot;:240,&quot;335559739&quot;:240}\">\u00a0<\/span><\/p>\t\t\t\t\t\t\t\t<\/div>\n\t\t\t\t<\/div>\n\t\t\t\t\t<\/div>\n\t\t\t\t<\/div>\n\t\t<div class=\"elementor-element elementor-element-d596530 e-flex e-con-boxed e-con e-parent\" data-id=\"d596530\" data-element_type=\"container\" data-e-type=\"container\">\n\t\t\t\t\t<div class=\"e-con-inner\">\n\t\t\t\t<div class=\"elementor-element elementor-element-6907d07 elementor-widget elementor-widget-text-editor\" data-id=\"6907d07\" data-element_type=\"widget\" data-e-type=\"widget\" data-widget_type=\"text-editor.default\">\n\t\t\t\t<div class=\"elementor-widget-container\">\n\t\t\t\t\t\t\t\t\t<p>\u00a0<\/p><ol><li><b><i><span data-contrast=\"auto\">Acceso Estrat\u00e9gico a un Mercado Emergente Clave<\/span><\/i><\/b><i><span data-contrast=\"auto\">:\u00a0<\/span><\/i><span data-ccp-props=\"{&quot;335551550&quot;:6,&quot;335551620&quot;:6,&quot;335559738&quot;:240,&quot;335559739&quot;:240}\">\u00a0<\/span><\/li><\/ol><p><span data-contrast=\"auto\">MERCOSUR, con 260 millones de consumidores y un PIB conjunto cercano a los 2,2 billones $ es una de las mayores econom\u00edas regionales en desarrollo. En este sentido, el Acuerdo establece la <\/span><b><span data-contrast=\"auto\">eliminaci\u00f3n progresiva de aranceles sobre el 91% de las exportaciones de la UE<\/span><\/b><span data-contrast=\"auto\">, lo que representa ahorros potenciales anuales en impuestos aduaneros de m\u00e1s de 4.000 millones \u20ac para las empresas europeas.\u00a0<\/span><span data-ccp-props=\"{&quot;335551550&quot;:6,&quot;335551620&quot;:6,&quot;335559738&quot;:240,&quot;335559739&quot;:240}\">\u00a0<\/span><\/p><p><span data-contrast=\"auto\">Industrias clave europeas, como la <\/span><b><span data-contrast=\"auto\">automoci\u00f3n<\/span><\/b><span data-contrast=\"auto\"> (que actualmente enfrenta aranceles del 35%), <\/span><b><span data-contrast=\"auto\">maquinaria<\/span><\/b><span data-contrast=\"auto\"> (con aranceles entre el 14-20%) y <\/span><b><span data-contrast=\"auto\">productos farmac\u00e9uticos<\/span><\/b><span data-contrast=\"auto\"> (con aranceles actuales del 14%), ganar\u00e1n acceso preferencial a estos mercados, aumentando la competitividad de los productos europeos frente a China y Estados Unidos en este mercado.<\/span><span data-ccp-props=\"{&quot;335551550&quot;:6,&quot;335551620&quot;:6,&quot;335559738&quot;:240,&quot;335559739&quot;:240}\">\u00a0<\/span><\/p><p><b><i><span data-contrast=\"auto\">2. Fortalecimiento del Liderazgo Global de la UE<\/span><\/i><\/b><b><span data-contrast=\"auto\">\u00a0<\/span><\/b><span data-ccp-props=\"{&quot;335551550&quot;:6,&quot;335551620&quot;:6,&quot;335559738&quot;:240,&quot;335559739&quot;:240}\">\u00a0<\/span><\/p><p><span data-contrast=\"auto\">Este Acuerdo tambi\u00e9n le brinda la oportunidad a la UE de reforzar su posici\u00f3n en el comercio mundial al consolidar alianzas estrat\u00e9gicas con Am\u00e9rica Latina. En un contexto de tensiones comerciales crecientes con Estados Unidos y la expansi\u00f3n de China, el Acuerdo subraya la <\/span><b><span data-contrast=\"auto\">capacidad de Europa para actuar como un puente entre econom\u00edas desarrolladas y emergentes<\/span><\/b><span data-contrast=\"auto\">, destac\u00e1ndose especialmente en sus relaciones con Brasil y Argentina (ambos miembros del G20).<\/span><span data-ccp-props=\"{&quot;335551550&quot;:6,&quot;335551620&quot;:6,&quot;335559738&quot;:240,&quot;335559739&quot;:240}\">\u00a0<\/span><\/p><p><span data-contrast=\"auto\">En definitiva, <\/span><b><span data-contrast=\"auto\">este Acuerdo refuerza la influencia europea en decisiones globales, contrarrestando el creciente peso de los BRICS<\/span><\/b><span data-contrast=\"auto\"> y promoviendo un orden comercial basado en normas multilaterales.<\/span><span data-ccp-props=\"{&quot;335551550&quot;:6,&quot;335551620&quot;:6,&quot;335559738&quot;:240,&quot;335559739&quot;:240}\">\u00a0<\/span><\/p><p><b><i><span data-contrast=\"auto\">3. Respuesta Estrat\u00e9gica a la Presencia China<\/span><\/i><\/b><b><span data-contrast=\"auto\">\u00a0<\/span><\/b><span data-ccp-props=\"{&quot;335551550&quot;:6,&quot;335551620&quot;:6,&quot;335559738&quot;:240,&quot;335559739&quot;:240}\">\u00a0<\/span><\/p><p><span data-contrast=\"auto\">Durante la \u00faltima d\u00e9cada, China ha intensificado su influencia en Am\u00e9rica Latina, invirtiendo m\u00e1s de 130.000 millones $ en infraestructuras, recursos naturales y acuerdos comerciales.\u00a0<\/span><span data-ccp-props=\"{&quot;335551550&quot;:6,&quot;335551620&quot;:6,&quot;335559738&quot;:240,&quot;335559739&quot;:240}\">\u00a0<\/span><\/p><p><span data-contrast=\"auto\">Mientras que gracias a este Acuerdo <\/span><b><span data-contrast=\"auto\">se puede ofrecer una alternativa s\u00f3lida a los pa\u00edses sudamericanos,<\/span><\/b><span data-contrast=\"auto\"> permiti\u00e9ndoles diversificar sus socios comerciales y mitigar su dependencia del gigante asi\u00e1tico.\u00a0<\/span><span data-ccp-props=\"{&quot;335551550&quot;:6,&quot;335551620&quot;:6,&quot;335559738&quot;:240,&quot;335559739&quot;:240}\">\u00a0<\/span><\/p><p><b><i><span data-contrast=\"auto\">4. Diversificaci\u00f3n Comercial y Reducci\u00f3n de Dependencias<\/span><\/i><\/b><b><span data-contrast=\"auto\">\u00a0<\/span><\/b><span data-ccp-props=\"{&quot;335551550&quot;:6,&quot;335551620&quot;:6,&quot;335559738&quot;:240,&quot;335559739&quot;:240}\">\u00a0<\/span><\/p><p><span data-contrast=\"auto\">Otra de las ventajas geoestrat\u00e9gicas de este Acuerdo es que reduce la vulnerabilidad europea frente a crisis globales al diversificar las fuentes de importaci\u00f3n y exportaci\u00f3n. Por ejemplo, el MERCOSUR es un proveedor clave de productos agr\u00edcolas estrat\u00e9gicos (soja, carne bovina, ma\u00edz) que complementan las necesidades del mercado europeo.\u00a0<\/span><span data-ccp-props=\"{&quot;335551550&quot;:6,&quot;335551620&quot;:6,&quot;335559738&quot;:240,&quot;335559739&quot;:240}\">\u00a0<\/span><\/p><p><span data-contrast=\"auto\">Por lo que, en estos momentos <\/span><b><span data-contrast=\"auto\">el bloque sudamericano representa un destino alternativo para exportaciones europeas en un contexto de tensiones con Estados Unidos y la competencia de China.<\/span><\/b><span data-ccp-props=\"{&quot;335551550&quot;:6,&quot;335551620&quot;:6,&quot;335559738&quot;:240,&quot;335559739&quot;:240}\">\u00a0<\/span><\/p>\t\t\t\t\t\t\t\t<\/div>\n\t\t\t\t<\/div>\n\t\t\t\t\t<\/div>\n\t\t\t\t<\/div>\n\t\t<div class=\"elementor-element elementor-element-731019f e-flex e-con-boxed e-con e-parent\" data-id=\"731019f\" data-element_type=\"container\" data-e-type=\"container\">\n\t\t\t\t\t<div class=\"e-con-inner\">\n\t\t\t\t<div class=\"elementor-element elementor-element-1c6fb12 elementor-widget elementor-widget-text-editor\" data-id=\"1c6fb12\" data-element_type=\"widget\" data-e-type=\"widget\" data-widget_type=\"text-editor.default\">\n\t\t\t\t<div class=\"elementor-widget-container\">\n\t\t\t\t\t\t\t\t\t<p><b><span data-contrast=\"none\">Ventajas Geoestrat\u00e9gicas para los pa\u00edses del Mercosur<\/span><\/b><span data-contrast=\"auto\">\u00a0<\/span><span data-ccp-props=\"{&quot;335551550&quot;:6,&quot;335551620&quot;:6,&quot;335559738&quot;:240,&quot;335559739&quot;:240}\">\u00a0<\/span><\/p><p><b><i><span data-contrast=\"auto\">\u201cEl Acuerdo ofrece a los pa\u00edses del MERCOSUR la posibilidad de posicionarse como proveedores confiables y sostenibles de alimentos a nivel mundial\u201d<\/span><\/i><\/b><span data-ccp-props=\"{&quot;335551550&quot;:2,&quot;335551620&quot;:2,&quot;335559738&quot;:240,&quot;335559739&quot;:240}\">\u00a0<\/span><\/p>\t\t\t\t\t\t\t\t<\/div>\n\t\t\t\t<\/div>\n\t\t\t\t\t<\/div>\n\t\t\t\t<\/div>\n\t\t<div class=\"elementor-element elementor-element-ade88c0 e-flex e-con-boxed e-con e-parent\" data-id=\"ade88c0\" data-element_type=\"container\" data-e-type=\"container\">\n\t\t\t\t\t<div class=\"e-con-inner\">\n\t\t\t\t<div class=\"elementor-element elementor-element-45427c7 elementor-widget elementor-widget-text-editor\" data-id=\"45427c7\" data-element_type=\"widget\" data-e-type=\"widget\" data-widget_type=\"text-editor.default\">\n\t\t\t\t<div class=\"elementor-widget-container\">\n\t\t\t\t\t\t\t\t\t<p><span data-ccp-props=\"{&quot;335551550&quot;:2,&quot;335551620&quot;:2,&quot;335559738&quot;:240,&quot;335559739&quot;:240}\">\u00a01. <\/span><b><i><span data-contrast=\"auto\">Fortalecimiento del Bloque Regional y Posicionamiento Estrat\u00e9gico <\/span><\/i><\/b><span data-ccp-props=\"{&quot;335551550&quot;:6,&quot;335551620&quot;:6,&quot;335559738&quot;:240,&quot;335559739&quot;:240}\">\u00a0<\/span><\/p><p><span data-contrast=\"auto\">El Acuerdo UE-MERCOSUR proporciona una plataforma \u00fanica para que los pa\u00edses sudamericanos act\u00faen como un bloque cohesionado en el escenario global, consolid\u00e1ndose como un actor relevante en las cadenas de valor internacionales.<\/span><span data-ccp-props=\"{&quot;335551550&quot;:6,&quot;335551620&quot;:6,&quot;335559738&quot;:240,&quot;335559739&quot;:240}\">\u00a0<\/span><\/p><p><b><i><span data-contrast=\"auto\">2. Diversificaci\u00f3n y Estabilidad en las Relaciones Comerciales <\/span><\/i><\/b><span data-ccp-props=\"{&quot;335551550&quot;:6,&quot;335551620&quot;:6,&quot;335559738&quot;:240,&quot;335559739&quot;:240}\">\u00a0<\/span><\/p><p><span data-contrast=\"auto\">El acceso preferencial al mercado de la UE, una de las mayores econom\u00edas del mundo con m\u00e1s de 400 millones de consumidores, permite a los pa\u00edses del MERCOSUR diversificar sus relaciones comerciales <\/span><b><span data-contrast=\"auto\">reduciendo su dependencia de socios tradicionales como China y Estados Unidos.<\/span><\/b><span data-contrast=\"auto\"> Adem\u00e1s, este Acuerdo les abre la puerta a <\/span><b><span data-contrast=\"auto\">nuevos nichos de mercado para productos de alto valor agregado, especialmente en agroindustria, manufactura y servicios tecnol\u00f3gicos.<\/span><\/b><span data-ccp-props=\"{&quot;335551550&quot;:6,&quot;335551620&quot;:6,&quot;335559738&quot;:240,&quot;335559739&quot;:240}\">\u00a0<\/span><\/p><p><b><i><span data-contrast=\"auto\">3. Transferencia de Tecnolog\u00eda y Know-How <\/span><\/i><\/b><span data-ccp-props=\"{&quot;335551550&quot;:6,&quot;335551620&quot;:6,&quot;335559738&quot;:240,&quot;335559739&quot;:240}\">\u00a0<\/span><\/p><p><span data-contrast=\"auto\">El Acuerdo fomenta el intercambio tecnol\u00f3gico y la cooperaci\u00f3n t\u00e9cnica en sectores cr\u00edticos como <\/span><b><span data-contrast=\"auto\">energ\u00eda renovable, biotecnolog\u00eda y tecnolog\u00edas digitales<\/span><\/b><span data-contrast=\"auto\">. Por lo que la UE se puede convertir en un socio clave para los pa\u00edses del MERCOSUR en la modernizaci\u00f3n de sus econom\u00edas.<\/span><span data-ccp-props=\"{&quot;335551550&quot;:6,&quot;335551620&quot;:6,&quot;335559738&quot;:240,&quot;335559739&quot;:240}\">\u00a0<\/span><\/p><p><b><i><span data-contrast=\"auto\">4. Consolidaci\u00f3n como Proveedor Global de Alimentos Sostenibles <\/span><\/i><\/b><span data-ccp-props=\"{&quot;335551550&quot;:6,&quot;335551620&quot;:6,&quot;335559738&quot;:240,&quot;335559739&quot;:240}\">\u00a0<\/span><\/p><p><b><span data-contrast=\"auto\">El Acuerdo ofrece a los pa\u00edses del MERCOSUR la posibilidad de posicionarse como proveedores confiables y sostenibles de alimentos a nivel mundial.<\/span><\/b><span data-contrast=\"auto\"> Principalmente, debido a que la combinaci\u00f3n de pr\u00e1cticas agr\u00edcolas responsables y el cumplimiento de los est\u00e1ndares europeos puede fortalecer su reputaci\u00f3n en el comercio internacional, atrayendo tanto consumidores como inversiones.<\/span><span data-ccp-props=\"{&quot;335551550&quot;:6,&quot;335551620&quot;:6,&quot;335559738&quot;:240,&quot;335559739&quot;:240}\">\u00a0<\/span><\/p>\t\t\t\t\t\t\t\t<\/div>\n\t\t\t\t<\/div>\n\t\t\t\t\t<\/div>\n\t\t\t\t<\/div>\n\t\t<div class=\"elementor-element elementor-element-91ce788 e-flex e-con-boxed e-con e-parent\" data-id=\"91ce788\" data-element_type=\"container\" data-e-type=\"container\">\n\t\t\t\t\t<div class=\"e-con-inner\">\n\t\t\t\t<div class=\"elementor-element elementor-element-77e2fbb elementor-widget elementor-widget-heading\" data-id=\"77e2fbb\" data-element_type=\"widget\" data-e-type=\"widget\" data-widget_type=\"heading.default\">\n\t\t\t\t<div class=\"elementor-widget-container\">\n\t\t\t\t\t<h2 class=\"elementor-heading-title elementor-size-default\">Posici\u00f3n Geoestrat\u00e9gica de los principales firmantes de MERCOSUR <\/h2>\t\t\t\t<\/div>\n\t\t\t\t<\/div>\n\t\t\t\t\t<\/div>\n\t\t\t\t<\/div>\n\t\t<div class=\"elementor-element elementor-element-2f4f330 e-flex e-con-boxed e-con e-parent\" data-id=\"2f4f330\" data-element_type=\"container\" data-e-type=\"container\">\n\t\t\t\t\t<div class=\"e-con-inner\">\n\t\t\t\t<div class=\"elementor-element elementor-element-3c7f561 elementor-widget elementor-widget-text-editor\" data-id=\"3c7f561\" data-element_type=\"widget\" data-e-type=\"widget\" data-widget_type=\"text-editor.default\">\n\t\t\t\t<div class=\"elementor-widget-container\">\n\t\t\t\t\t\t\t\t\t<p><span class=\"TextRun SCXW16819779 BCX0\" lang=\"ES-ES\" xml:lang=\"ES-ES\" data-contrast=\"auto\"><span class=\"NormalTextRun SCXW16819779 BCX0\">Como continuaci\u00f3n del an\u00e1lisis de este Acuerdo es importante detallar <\/span><span class=\"NormalTextRun SCXW16819779 BCX0\">la <\/span><\/span><span class=\"TextRun SCXW16819779 BCX0\" lang=\"ES-ES\" xml:lang=\"ES-ES\" data-contrast=\"auto\"><span class=\"NormalTextRun SCXW16819779 BCX0\">geopol\u00edtica comercial <\/span><span class=\"NormalTextRun SCXW16819779 BCX0\">y los intereses <\/span><span class=\"NormalTextRun SCXW16819779 BCX0\">econ\u00f3micos <\/span><span class=\"NormalTextRun SCXW16819779 BCX0\">que tienen los principales pa\u00edses <\/span><span class=\"NormalTextRun SCXW16819779 BCX0\">firmantes; cuesti\u00f3n<\/span><\/span><span class=\"TextRun SCXW16819779 BCX0\" lang=\"ES-ES\" xml:lang=\"ES-ES\" data-contrast=\"auto\"><span class=\"NormalTextRun SCXW16819779 BCX0\"> que resulta clave para conocer y comprender la importancia que este <\/span><span class=\"NormalTextRun SCXW16819779 BCX0\">A<\/span><span class=\"NormalTextRun SCXW16819779 BCX0\">cuerdo tiene para los bloques comerciales involucrados.\u00a0<\/span><\/span><span class=\"EOP SCXW16819779 BCX0\" data-ccp-props=\"{&quot;335551550&quot;:6,&quot;335551620&quot;:6,&quot;335559738&quot;:240,&quot;335559739&quot;:240}\">\u00a0<\/span><\/p>\t\t\t\t\t\t\t\t<\/div>\n\t\t\t\t<\/div>\n\t\t\t\t\t<\/div>\n\t\t\t\t<\/div>\n\t\t<div class=\"elementor-element elementor-element-41ce215 e-flex e-con-boxed e-con e-parent\" data-id=\"41ce215\" data-element_type=\"container\" data-e-type=\"container\">\n\t\t\t\t\t<div class=\"e-con-inner\">\n\t\t\t\t<div class=\"elementor-element elementor-element-f3f0951 elementor-widget elementor-widget-text-editor\" data-id=\"f3f0951\" data-element_type=\"widget\" data-e-type=\"widget\" data-widget_type=\"text-editor.default\">\n\t\t\t\t<div class=\"elementor-widget-container\">\n\t\t\t\t\t\t\t\t\t<p><strong><span class=\"TextRun SCXW201629123 BCX0\" lang=\"ES-ES\" xml:lang=\"ES-ES\" data-contrast=\"auto\"><span class=\"NormalTextRun SCXW201629123 BCX0\">Posici\u00f3n Geoestrat\u00e9gica de Pa\u00edses de la UE frente al Acuerdo UE-MERCOSUR<\/span><\/span><span class=\"TextRun SCXW201629123 BCX0\" lang=\"ES-ES\" xml:lang=\"ES-ES\" data-contrast=\"auto\"><span class=\"NormalTextRun SCXW201629123 BCX0\">\u00a0<\/span><\/span><span class=\"EOP SCXW201629123 BCX0\" data-ccp-props=\"{&quot;335551550&quot;:6,&quot;335551620&quot;:6,&quot;335559738&quot;:240,&quot;335559739&quot;:240}\">\u00a0<\/span><\/strong><\/p>\t\t\t\t\t\t\t\t<\/div>\n\t\t\t\t<\/div>\n\t\t\t\t\t<\/div>\n\t\t\t\t<\/div>\n\t\t<div class=\"elementor-element elementor-element-1382520 e-flex e-con-boxed e-con e-parent\" data-id=\"1382520\" data-element_type=\"container\" data-e-type=\"container\">\n\t\t\t\t\t<div class=\"e-con-inner\">\n\t\t\t\t<div class=\"elementor-element elementor-element-502ddf5 elementor-widget elementor-widget-text-editor\" data-id=\"502ddf5\" data-element_type=\"widget\" data-e-type=\"widget\" data-widget_type=\"text-editor.default\">\n\t\t\t\t<div class=\"elementor-widget-container\">\n\t\t\t\t\t\t\t\t\t<p><span data-ccp-props=\"{&quot;335551550&quot;:6,&quot;335551620&quot;:6,&quot;335559738&quot;:240,&quot;335559739&quot;:240}\">\u00a01. <\/span><span data-contrast=\"auto\">\ud83c\uddea\ud83c\uddf8<\/span><b><span data-contrast=\"auto\"> Espa\u00f1a: Una Puerta de Entrada a Am\u00e9rica Latina<\/span><\/b><span data-contrast=\"auto\">\u00a0<\/span><span data-ccp-props=\"{&quot;335551550&quot;:6,&quot;335551620&quot;:6,&quot;335559738&quot;:240,&quot;335559739&quot;:240}\">\u00a0<\/span><\/p><p><b><span data-contrast=\"auto\">Intereses:<\/span><\/b><span data-ccp-props=\"{&quot;335551550&quot;:6,&quot;335551620&quot;:6,&quot;335559738&quot;:240,&quot;335559739&quot;:240}\">\u00a0<\/span><\/p><p><span data-contrast=\"auto\">Espa\u00f1a es uno de los principales defensores del Acuerdo UE-Mercosur debido a sus estrechos lazos con Am\u00e9rica Latina. Este pacto es estrat\u00e9gico tanto para sus intereses nacionales como para la geopol\u00edtica comercial europea. <\/span>\u00a0<br \/><span data-contrast=\"auto\">El comercio bilateral entre Espa\u00f1a y los pa\u00edses de MERCOSUR supera actualmente los 25.000 millones \u20ac anuales, cifra que podr\u00eda incrementarse gracias a la reducci\u00f3n de aranceles acordada entre ambos bloques comerciales.<\/span><span data-ccp-props=\"{&quot;335551550&quot;:6,&quot;335551620&quot;:6,&quot;335559738&quot;:240,&quot;335559739&quot;:240}\">\u00a0<\/span><\/p><p><b><span data-contrast=\"auto\">Geoestrategia:<\/span><\/b>\u00a0<br \/><span data-contrast=\"auto\">Espa\u00f1a ve este acuerdo como una forma de reforzar la cooperaci\u00f3n entre Europa y los pa\u00edses del MERCOSUR actuando como \u201cpuente\u201d entre ambos bloques. Adem\u00e1s, su posici\u00f3n privilegiada en la geopol\u00edtica comercial le permite proyectar influencia pol\u00edtica y econ\u00f3mica en la zona.\u00a0<\/span><span data-ccp-props=\"{&quot;335551550&quot;:6,&quot;335551620&quot;:6,&quot;335559738&quot;:240,&quot;335559739&quot;:240}\">\u00a0<\/span><\/p><p><span data-contrast=\"auto\">2. \ud83c\uddeb\ud83c\uddf7<\/span><b><span data-contrast=\"auto\"> Francia: Entre el Pragmatismo Econ\u00f3mico y la Defensa de su Agricultura<\/span><\/b><span data-ccp-props=\"{&quot;335551550&quot;:6,&quot;335551620&quot;:6,&quot;335559738&quot;:240,&quot;335559739&quot;:240}\">\u00a0<\/span><\/p><p><b><span data-contrast=\"auto\">Intereses:<\/span><\/b><span data-ccp-props=\"{&quot;335551550&quot;:6,&quot;335551620&quot;:6,&quot;335559738&quot;:240,&quot;335559739&quot;:240}\">\u00a0<\/span><\/p><p><span data-contrast=\"auto\">Francia ha mostrado reservas respecto al Acuerdo UE-Mercosur, especialmente por los desaf\u00edos que representa para su sector agr\u00edcola. Sin embargo, al mismo tiempo tambi\u00e9n muestra un elevado inter\u00e9s en las oportunidades que el Acuerdo ofrece a sus empresas tecnol\u00f3gicas y automovil\u00edsticas.\u00a0<\/span><span data-ccp-props=\"{&quot;335551550&quot;:6,&quot;335551620&quot;:6,&quot;335559738&quot;:240,&quot;335559739&quot;:240}\">\u00a0<\/span><\/p><p><b><span data-contrast=\"auto\">Geoestrategia:<\/span><\/b>\u00a0<br \/><span data-contrast=\"auto\">La posici\u00f3n de Francia en relaci\u00f3n con el Acuerdo refleja su inter\u00e9s en fortalecer su presencia en la geopol\u00edtica comercial, contrarrestando la creciente influencia de potencias como China en Am\u00e9rica Latina.<\/span><span data-ccp-props=\"{&quot;335551550&quot;:6,&quot;335551620&quot;:6,&quot;335559738&quot;:240,&quot;335559739&quot;:240}\">\u00a0<\/span><\/p><p><span data-ccp-props=\"{&quot;335551550&quot;:6,&quot;335551620&quot;:6,&quot;335559738&quot;:240,&quot;335559739&quot;:240}\">3. <\/span><span data-contrast=\"auto\">\ud83c\udde9\ud83c\uddea<\/span><b><span data-contrast=\"auto\"> Alemania: Una Perspectiva Industrial y Tecnol\u00f3gica<\/span><\/b><span data-contrast=\"auto\">\u00a0<\/span><span data-ccp-props=\"{&quot;335551550&quot;:6,&quot;335551620&quot;:6,&quot;335559738&quot;:240,&quot;335559739&quot;:240}\">\u00a0<\/span><\/p><p><b><span data-contrast=\"auto\">Intereses:<\/span><\/b><span data-contrast=\"auto\">\u00a0<\/span><span data-ccp-props=\"{&quot;335551550&quot;:6,&quot;335551620&quot;:6,&quot;335559738&quot;:240,&quot;335559739&quot;:240}\">\u00a0<\/span><\/p><p><span data-contrast=\"auto\">Alemania, como la econom\u00eda m\u00e1s grande de Europa, est\u00e1 interesada en el acuerdo principalmente por las oportunidades que ofrece a su sector industrial y automotriz. Actualmente, el comercio entre Alemania y MERCOSUR representa m\u00e1s de 15.000 millones \u20ac al a\u00f1o.\u00a0<\/span><span data-ccp-props=\"{&quot;335551550&quot;:6,&quot;335551620&quot;:6,&quot;335559738&quot;:240,&quot;335559739&quot;:240}\">\u00a0<\/span><\/p><p><span data-contrast=\"auto\">De hecho, la eliminaci\u00f3n de aranceles del 35% sobre los autom\u00f3viles europeos podr\u00eda generar ingresos adicionales de hasta 3.000 millones de \u20ac anuales, beneficiando a las principales marcas alemanas de autom\u00f3viles.\u00a0<\/span><span data-ccp-props=\"{&quot;335551550&quot;:6,&quot;335551620&quot;:6,&quot;335559738&quot;:240,&quot;335559739&quot;:240}\">\u00a0<\/span><\/p><p><b><span data-contrast=\"auto\">Geoestrategia:<\/span><\/b><span data-contrast=\"auto\">\u00a0<\/span><span data-ccp-props=\"{&quot;335551550&quot;:6,&quot;335551620&quot;:6,&quot;335559738&quot;:240,&quot;335559739&quot;:240}\">\u00a0<\/span><\/p><p><span data-contrast=\"auto\">Alemania busca utilizar el acuerdo para diversificar sus relaciones comerciales de manera que pueda fortalecer por un lado su posici\u00f3n como l\u00edder industrial a nivel mundial y por otro lado, impulsando la colaboraci\u00f3n tecnol\u00f3gica en energ\u00edas limpias; principalmente energ\u00edas renovables.\u00a0<\/span><span data-ccp-props=\"{&quot;335551550&quot;:6,&quot;335551620&quot;:6,&quot;335559738&quot;:240,&quot;335559739&quot;:240}\">\u00a0<\/span><\/p><p><span data-ccp-props=\"{&quot;335551550&quot;:6,&quot;335551620&quot;:6,&quot;335559738&quot;:240,&quot;335559739&quot;:240}\">\u00a04. <\/span><span data-contrast=\"auto\">\ud83c\uddee\ud83c\uddf9<\/span><b><span data-contrast=\"auto\"> Italia: En B\u00fasqueda de Nuevas Oportunidades para sus Exportaciones<\/span><\/b><span data-contrast=\"auto\">\u00a0<\/span><span data-ccp-props=\"{&quot;335551550&quot;:6,&quot;335551620&quot;:6,&quot;335559738&quot;:240,&quot;335559739&quot;:240}\">\u00a0<\/span><\/p><p><b><span data-contrast=\"auto\">Intereses:<\/span><\/b><span data-contrast=\"auto\">\u00a0<\/span><span data-ccp-props=\"{&quot;335551550&quot;:6,&quot;335551620&quot;:6,&quot;335559738&quot;:240,&quot;335559739&quot;:240}\">\u00a0<\/span><\/p><p><span data-contrast=\"auto\">Italia busca capitalizar el acuerdo para fortalecer sus exportaciones de productos de alta gama, como vinos, quesos y moda. Actualmente, las exportaciones italianas a MERCOSUR superan los 4.000 millones \u20ac anuales.\u00a0\u00a0<\/span><span data-ccp-props=\"{&quot;335551550&quot;:6,&quot;335551620&quot;:6,&quot;335559738&quot;:240,&quot;335559739&quot;:240}\">\u00a0<\/span><\/p><p><span data-contrast=\"auto\">El acuerdo tambi\u00e9n podr\u00eda abrir oportunidades para las empresas italianas en infraestructura y energ\u00edas renovables.\u00a0<\/span><span data-ccp-props=\"{&quot;335551550&quot;:6,&quot;335551620&quot;:6,&quot;335559738&quot;:240,&quot;335559739&quot;:240}\">\u00a0<\/span><\/p><p><b><span data-contrast=\"auto\">Geoestrategia:<\/span><\/b><span data-contrast=\"auto\">\u00a0<\/span><span data-ccp-props=\"{&quot;335551550&quot;:6,&quot;335551620&quot;:6,&quot;335559738&quot;:240,&quot;335559739&quot;:240}\">\u00a0<\/span><\/p><p><span data-contrast=\"auto\">Italia ve el acuerdo como una forma de revitalizar su econom\u00eda y proyectar su influencia en mercados emergentes. Por otro lado, al igual que Espa\u00f1a, tambi\u00e9n busca reforzar los lazos culturales con Am\u00e9rica Latina (sobre todo con Argentina).\u00a0<\/span><span data-ccp-props=\"{&quot;335551550&quot;:6,&quot;335551620&quot;:6,&quot;335559738&quot;:240,&quot;335559739&quot;:240}\">\u00a0<\/span><\/p><p><span data-ccp-props=\"{&quot;335551550&quot;:6,&quot;335551620&quot;:6,&quot;335559738&quot;:240,&quot;335559739&quot;:240}\">\u00a05. <\/span><span data-contrast=\"auto\">\ud83c\uddf5\ud83c\uddf1<\/span><b><span data-contrast=\"auto\"> Polonia: Preocupaciones Agr\u00edcolas y Nuevas Oportunidades<\/span><\/b><span data-contrast=\"auto\">\u00a0<\/span><span data-ccp-props=\"{&quot;335551550&quot;:6,&quot;335551620&quot;:6,&quot;335559738&quot;:240,&quot;335559739&quot;:240}\">\u00a0<\/span><\/p><p><b><span data-contrast=\"auto\">Intereses:<\/span><\/b><span data-contrast=\"auto\">\u00a0<\/span><span data-ccp-props=\"{&quot;335551550&quot;:6,&quot;335551620&quot;:6,&quot;335559738&quot;:240,&quot;335559739&quot;:240}\">\u00a0<\/span><\/p><p><span data-contrast=\"auto\">Polonia, al igual que Francia, tambi\u00e9n se muestra reticente al Acuerdo debido a la amenaza que representa para sus agricultores, particularmente en los sectores de carne de vacuno y av\u00edcola.\u00a0<\/span><span data-ccp-props=\"{&quot;335551550&quot;:6,&quot;335551620&quot;:6,&quot;335559738&quot;:240,&quot;335559739&quot;:240}\">\u00a0<\/span><\/p><p><span data-contrast=\"auto\">Sin embargo, la modernizaci\u00f3n de su econom\u00eda tambi\u00e9n podr\u00eda beneficiarse de las oportunidades de exportaci\u00f3n de maquinaria y tecnolog\u00eda a los pa\u00edses de MERCOSUR.\u00a0<\/span><span data-ccp-props=\"{&quot;335551550&quot;:6,&quot;335551620&quot;:6,&quot;335559738&quot;:240,&quot;335559739&quot;:240}\">\u00a0<\/span><\/p><p><b><span data-contrast=\"auto\">Geoestrategia:<\/span><\/b><span data-contrast=\"auto\">\u00a0<\/span><span data-ccp-props=\"{&quot;335551550&quot;:6,&quot;335551620&quot;:6,&quot;335559738&quot;:240,&quot;335559739&quot;:240}\">\u00a0<\/span><\/p><p><span data-contrast=\"auto\">Polonia percibe el acuerdo como una oportunidad para diversificar su comercio fuera de la esfera de influencias tradicionales, como Alemania o Rusia, pero insiste en medidas que protejan a sus agricultores de la posible competencia desleal.\u00a0<\/span><span data-ccp-props=\"{&quot;335551550&quot;:6,&quot;335551620&quot;:6,&quot;335559738&quot;:240,&quot;335559739&quot;:240}\">\u00a0<\/span><\/p><p><span data-ccp-props=\"{&quot;335551550&quot;:6,&quot;335551620&quot;:6,&quot;335559738&quot;:240,&quot;335559739&quot;:240}\">\u00a06. <\/span><span data-contrast=\"auto\">\ud83c\uddf3\ud83c\uddf1<\/span><b><span data-contrast=\"auto\"> Posici\u00f3n de Pa\u00edses Bajos: Fomentar su papel como hub log\u00edstico<\/span><\/b><span data-contrast=\"auto\">\u00a0<\/span><span data-ccp-props=\"{&quot;335551550&quot;:6,&quot;335551620&quot;:6,&quot;335559738&quot;:240,&quot;335559739&quot;:240}\">\u00a0<\/span><\/p><p><b><span data-contrast=\"auto\">Intereses:<\/span><\/b><span data-contrast=\"auto\">\u00a0<\/span><span data-ccp-props=\"{&quot;335551550&quot;:6,&quot;335551620&quot;:6,&quot;335559738&quot;:240,&quot;335559739&quot;:240}\">\u00a0<\/span><\/p><p><span data-contrast=\"auto\">Los Pa\u00edses Bajos ven en el acuerdo UE-MERCOSUR una oportunidad para fortalecer su papel como un importante hub log\u00edstico y comercial en Europa. Rotterdam, uno de los puertos m\u00e1s grandes del mundo podr\u00eda beneficiarse del incremento en el comercio entre ambos bloques comerciales.\u00a0<\/span><span data-ccp-props=\"{&quot;335551550&quot;:6,&quot;335551620&quot;:6,&quot;335559738&quot;:240,&quot;335559739&quot;:240}\">\u00a0<\/span><\/p><p><span data-contrast=\"auto\">El sector agr\u00edcola neerland\u00e9s, conocido por su alto nivel de tecnificaci\u00f3n, podr\u00eda encontrar mercados prometedores para exportar maquinaria agr\u00edcola, tecnolog\u00eda verde y productos innovadores en MERCOSUR.\u00a0<\/span><span data-ccp-props=\"{&quot;335551550&quot;:6,&quot;335551620&quot;:6,&quot;335559738&quot;:240,&quot;335559739&quot;:240}\">\u00a0<\/span><\/p><p><b><span data-contrast=\"auto\">Geoestrategia:<\/span><\/b><span data-contrast=\"auto\">\u00a0<\/span><span data-ccp-props=\"{&quot;335551550&quot;:6,&quot;335551620&quot;:6,&quot;335559738&quot;:240,&quot;335559739&quot;:240}\">\u00a0<\/span><\/p><p><span data-contrast=\"auto\">Pa\u00edses Bajos apoya el Acuerdo como parte de su postura tradicional a favor del libre comercio, que considera esencial para mantener su competitividad global frente a potencias como EE.UU. y China.\u00a0<\/span><span data-ccp-props=\"{&quot;335551550&quot;:6,&quot;335551620&quot;:6,&quot;335559738&quot;:240,&quot;335559739&quot;:240}\">\u00a0<\/span><\/p><p><span data-ccp-props=\"{&quot;335551550&quot;:6,&quot;335551620&quot;:6,&quot;335559738&quot;:240,&quot;335559739&quot;:240}\">\u00a07. <\/span><span data-contrast=\"auto\">\ud83c\uddf5\ud83c\uddf9<\/span><b><span data-contrast=\"auto\"> Posici\u00f3n de Portugal: Alianza con Brasil\u00a0<\/span><\/b><span data-ccp-props=\"{&quot;335551550&quot;:6,&quot;335551620&quot;:6,&quot;335559738&quot;:240,&quot;335559739&quot;:240}\">\u00a0<\/span><\/p><p><b><span data-contrast=\"auto\">Inter\u00e9s:<\/span><\/b><span data-contrast=\"auto\">\u00a0<\/span><span data-ccp-props=\"{&quot;335551550&quot;:6,&quot;335551620&quot;:6,&quot;335559738&quot;:240,&quot;335559739&quot;:240}\">\u00a0<\/span><\/p><p><span data-contrast=\"auto\">Portugal tiene un inter\u00e9s estrat\u00e9gico en el Acuerdo debido a sus lazos hist\u00f3ricos y culturales con Brasil, uno de los pa\u00edses miembros de MERCOSUR.\u00a0<\/span><span data-ccp-props=\"{&quot;335551550&quot;:6,&quot;335551620&quot;:6,&quot;335559738&quot;:240,&quot;335559739&quot;:240}\">\u00a0<\/span><\/p><p><span data-contrast=\"auto\">Empresas portuguesas de sectores como el energ\u00e9tico y las infraestructuras tienen la oportunidad de encontrar nuevas oportunidades en Sudam\u00e9rica, especialmente en proyectos relacionados con renovables y construcci\u00f3n.\u00a0<\/span><span data-ccp-props=\"{&quot;335551550&quot;:6,&quot;335551620&quot;:6,&quot;335559738&quot;:240,&quot;335559739&quot;:240}\">\u00a0<\/span><\/p><p><b><span data-contrast=\"auto\">Geoestrategia:<\/span><\/b><span data-contrast=\"auto\">\u00a0<\/span><span data-ccp-props=\"{&quot;335551550&quot;:6,&quot;335551620&quot;:6,&quot;335559738&quot;:240,&quot;335559739&quot;:240}\">\u00a0<\/span><\/p><p><span data-contrast=\"auto\">Portugal respalda el acuerdo como una forma de reforzar su conexi\u00f3n con Am\u00e9rica Latina y ampliar su influencia econ\u00f3mica en la regi\u00f3n.\u00a0<\/span><span data-ccp-props=\"{&quot;335551550&quot;:6,&quot;335551620&quot;:6,&quot;335559738&quot;:240,&quot;335559739&quot;:240}\">\u00a0<\/span><\/p><p><span data-ccp-props=\"{&quot;335551550&quot;:6,&quot;335551620&quot;:6,&quot;335559738&quot;:240,&quot;335559739&quot;:240}\">\u00a08. <\/span><span data-contrast=\"auto\">\ud83c\udded\ud83c\uddfa<\/span><b><span data-contrast=\"auto\"> \ud83c\udde8\ud83c\uddff <\/span><\/b><span data-contrast=\"auto\">\ud83c\uddf8\ud83c\uddf0<\/span><b><span data-contrast=\"auto\"> Posici\u00f3n de los Pa\u00edses del Este de Europa: Diversificaci\u00f3n exportaciones<\/span><\/b><span data-contrast=\"auto\">\u00a0<\/span><span data-ccp-props=\"{&quot;335551550&quot;:6,&quot;335551620&quot;:6,&quot;335559738&quot;:240,&quot;335559739&quot;:240}\">\u00a0<\/span><\/p><p><b><span data-contrast=\"auto\">Inter\u00e9s:<\/span><\/b><span data-contrast=\"auto\">\u00a0<\/span><span data-ccp-props=\"{&quot;335551550&quot;:6,&quot;335551620&quot;:6,&quot;335559738&quot;:240,&quot;335559739&quot;:240}\">\u00a0<\/span><\/p><p><span data-contrast=\"auto\">Pa\u00edses como Hungr\u00eda, Rep\u00fablica Checa, y Eslovaquia tienen menor exposici\u00f3n comercial directa con MERCOSUR, pero ven en el Acuerdo una oportunidad para diversificar exportaciones, especialmente en sectores como tecnolog\u00eda y maquinaria industrial.\u00a0<\/span><span data-ccp-props=\"{&quot;335551550&quot;:6,&quot;335551620&quot;:6,&quot;335559738&quot;:240,&quot;335559739&quot;:240}\">\u00a0<\/span><\/p><p><b><span data-contrast=\"auto\">Geoestrategia:<\/span><\/b><span data-contrast=\"auto\">\u00a0<\/span><span data-ccp-props=\"{&quot;335551550&quot;:6,&quot;335551620&quot;:6,&quot;335559738&quot;:240,&quot;335559739&quot;:240}\">\u00a0<\/span><\/p><p><span data-contrast=\"auto\">Los pa\u00edses del Este de Europa perciben el acuerdo como una herramienta para fortalecer la influencia colectiva de la UE en el mundo. Sin embargo, muestran preocupaci\u00f3n por la necesidad de garantizar un equilibrio que no perjudique a sus sectores m\u00e1s vulnerables.\u00a0<\/span><span data-ccp-props=\"{&quot;335551550&quot;:6,&quot;335551620&quot;:6,&quot;335559738&quot;:240,&quot;335559739&quot;:240}\">\u00a0<\/span><\/p>\t\t\t\t\t\t\t\t<\/div>\n\t\t\t\t<\/div>\n\t\t\t\t\t<\/div>\n\t\t\t\t<\/div>\n\t\t<div class=\"elementor-element elementor-element-3a65245 e-flex e-con-boxed e-con e-parent\" data-id=\"3a65245\" data-element_type=\"container\" data-e-type=\"container\">\n\t\t\t\t\t<div class=\"e-con-inner\">\n\t\t\t\t<div class=\"elementor-element elementor-element-b747da0 elementor-widget elementor-widget-text-editor\" data-id=\"b747da0\" data-element_type=\"widget\" data-e-type=\"widget\" data-widget_type=\"text-editor.default\">\n\t\t\t\t<div class=\"elementor-widget-container\">\n\t\t\t\t\t\t\t\t\t<p><strong><span class=\"TextRun SCXW158932430 BCX0\" lang=\"ES-ES\" xml:lang=\"ES-ES\" data-contrast=\"auto\"><span class=\"NormalTextRun SCXW158932430 BCX0\">Posici\u00f3n Geoestrat\u00e9gica de los Pa\u00edses del MERCOSUR frente al Acuerdo UE-MERCOSUR<\/span><\/span><span class=\"TextRun SCXW158932430 BCX0\" lang=\"ES-ES\" xml:lang=\"ES-ES\" data-contrast=\"auto\"><span class=\"NormalTextRun SCXW158932430 BCX0\">\u00a0<\/span><\/span><span class=\"EOP SCXW158932430 BCX0\" data-ccp-props=\"{&quot;335551550&quot;:6,&quot;335551620&quot;:6,&quot;335559738&quot;:240,&quot;335559739&quot;:240}\">\u00a0<\/span><\/strong><\/p>\t\t\t\t\t\t\t\t<\/div>\n\t\t\t\t<\/div>\n\t\t\t\t\t<\/div>\n\t\t\t\t<\/div>\n\t\t<div class=\"elementor-element elementor-element-08fa0e4 e-flex e-con-boxed e-con e-parent\" data-id=\"08fa0e4\" data-element_type=\"container\" data-e-type=\"container\">\n\t\t\t\t\t<div class=\"e-con-inner\">\n\t\t\t\t<div class=\"elementor-element elementor-element-3560a53 elementor-widget elementor-widget-text-editor\" data-id=\"3560a53\" data-element_type=\"widget\" data-e-type=\"widget\" data-widget_type=\"text-editor.default\">\n\t\t\t\t<div class=\"elementor-widget-container\">\n\t\t\t\t\t\t\t\t\t<p><span data-contrast=\"auto\">El <\/span><span data-contrast=\"auto\">Acuerdo UE-Mercosur<\/span><span data-contrast=\"auto\"> plantea implicaciones significativas para los pa\u00edses sudamericanos, tanto en t\u00e9rminos de oportunidades econ\u00f3micas como de posici\u00f3n dentro de la <\/span><span data-contrast=\"auto\">geopol\u00edtica comercial g<\/span><span data-contrast=\"auto\">lobal. A continuaci\u00f3n, se analizan las perspectivas espec\u00edficas de los principales miembros del MERCOSUR: Brasil, Argentina, Uruguay y Paraguay.<\/span><span data-ccp-props=\"{&quot;335551550&quot;:6,&quot;335551620&quot;:6,&quot;335559738&quot;:240,&quot;335559739&quot;:240}\">\u00a0<\/span><\/p><ol><li data-leveltext=\"%1.\" data-font=\"Aptos\" data-listid=\"4\" data-list-defn-props=\"{&quot;335552541&quot;:0,&quot;335559685&quot;:720,&quot;335559991&quot;:360,&quot;469769242&quot;:[65533,0],&quot;469777803&quot;:&quot;left&quot;,&quot;469777804&quot;:&quot;%1.&quot;,&quot;469777815&quot;:&quot;hybridMultilevel&quot;}\" aria-setsize=\"-1\" data-aria-posinset=\"1\" data-aria-level=\"1\"><span data-contrast=\"auto\">\ud83c\udde7\ud83c\uddf7<\/span><b><span data-contrast=\"auto\"> Brasil: El Motor Econ\u00f3mico del MERCOSUR<\/span><\/b><span data-ccp-props=\"{&quot;335551550&quot;:6,&quot;335551620&quot;:6,&quot;335559738&quot;:240,&quot;335559739&quot;:240}\">\u00a0<\/span><\/li><\/ol><p><b><span data-contrast=\"auto\">Inter\u00e9s:<\/span><\/b>\u00a0<br \/><span data-contrast=\"auto\">Brasil considera el acuerdo una oportunidad para aumentar sus exportaciones de productos agroindustriales al bloque europeo. La eliminaci\u00f3n de aranceles le puede permitir a los productores brasile\u00f1os ampliar su participaci\u00f3n en el comercio internacional.<\/span><span data-ccp-props=\"{&quot;335551550&quot;:6,&quot;335551620&quot;:6,&quot;335559738&quot;:240,&quot;335559739&quot;:240}\">\u00a0<\/span><\/p><p><b><span data-contrast=\"auto\">Geoestrategia:<\/span><\/b>\u00a0<br \/><span data-contrast=\"auto\">Desde una perspectiva de geopol\u00edtica comercial, Brasil prev\u00e9 utilizar el Acuerdo como una herramienta para diversificar sus relaciones, reduciendo la dependencia de mercados tradicionales.<\/span><span data-ccp-props=\"{&quot;335551550&quot;:6,&quot;335551620&quot;:6,&quot;335559738&quot;:240,&quot;335559739&quot;:240}\">\u00a0<\/span><\/p><p><b><span data-contrast=\"auto\">2. \ud83c\udde6\ud83c\uddf7 Argentina: Equilibrio entre Agricultura y Pol\u00edtica Industrial<\/span><\/b><span data-ccp-props=\"{&quot;335551550&quot;:6,&quot;335551620&quot;:6,&quot;335559738&quot;:240,&quot;335559739&quot;:240}\">\u00a0<\/span><\/p><p><b><span data-contrast=\"auto\">Inter\u00e9s:<\/span><\/b>\u00a0<br \/><span data-contrast=\"auto\">Para Argentina, el Acuerdo UE-Mercosur representa un impulso para su sector agroexportador, clave en la econom\u00eda del bloque MERCOSUR. Sin embargo, existen desaf\u00edos para sectores industriales que podr\u00edan enfrentar competencia directa.<\/span><span data-ccp-props=\"{&quot;335551550&quot;:6,&quot;335551620&quot;:6,&quot;335559738&quot;:240,&quot;335559739&quot;:240}\">\u00a0<\/span><\/p><p><b><span data-contrast=\"auto\">Geoestrategia:<\/span><\/b>\u00a0<br \/><span data-contrast=\"auto\">Argentina busca aprovechar este acuerdo como una oportunidad para posicionarse en la geopol\u00edtica comercial, fomentando la transferencia de tecnolog\u00eda y diversificando sus alianzas en el comercio internacional.<\/span><span data-ccp-props=\"{&quot;335551550&quot;:6,&quot;335551620&quot;:6,&quot;335559738&quot;:240,&quot;335559739&quot;:240}\">\u00a0<\/span><\/p><p><span data-contrast=\"auto\"><strong>3 y 4<\/strong>. \ud83c\uddfa\ud83c\uddfe<\/span><b><span data-contrast=\"auto\">\u00a0 \ud83c\uddf5\ud83c\uddfe Uruguay y Paraguay: Apertura y Oportunidades<\/span><\/b><span data-ccp-props=\"{&quot;335551550&quot;:6,&quot;335551620&quot;:6,&quot;335559738&quot;:240,&quot;335559739&quot;:240}\">\u00a0<\/span><\/p><p><b><span data-contrast=\"auto\">Inter\u00e9s:<\/span><\/b><span data-contrast=\"auto\">\u00a0<\/span><span data-ccp-props=\"{&quot;335551550&quot;:6,&quot;335551620&quot;:6,&quot;335559738&quot;:240,&quot;335559739&quot;:240}\">\u00a0<\/span><\/p><p><span data-contrast=\"auto\">Estos pa\u00edses, miembros estrat\u00e9gicos del MERCOSUR, esperan atraer inversiones extranjeras e incrementar su presencia en el comercio internacional mediante la eliminaci\u00f3n de barreras comerciales entre ambos bloques comerciales.\u00a0<\/span><span data-ccp-props=\"{&quot;335551550&quot;:6,&quot;335551620&quot;:6,&quot;335559738&quot;:240,&quot;335559739&quot;:240}\">\u00a0<\/span><\/p><p><b><span data-contrast=\"auto\">Geoestrat\u00e9gica<\/span><\/b><span data-contrast=\"auto\">:\u00a0<\/span><span data-ccp-props=\"{&quot;335551550&quot;:6,&quot;335551620&quot;:6,&quot;335559738&quot;:240,&quot;335559739&quot;:240}\">\u00a0<\/span><\/p><p><span data-contrast=\"auto\">Uruguay busca proyectarse como un puente entre Sudam\u00e9rica y Europa, mientras que Paraguay aspira a consolidar su conectividad global.<\/span><span data-ccp-props=\"{&quot;335551550&quot;:6,&quot;335551620&quot;:6,&quot;335559738&quot;:240,&quot;335559739&quot;:240}\">\u00a0<\/span><\/p>\t\t\t\t\t\t\t\t<\/div>\n\t\t\t\t<\/div>\n\t\t\t\t\t<\/div>\n\t\t\t\t<\/div>\n\t\t<div class=\"elementor-element elementor-element-be484b0 e-flex e-con-boxed e-con e-parent\" data-id=\"be484b0\" data-element_type=\"container\" data-e-type=\"container\">\n\t\t\t\t\t<div class=\"e-con-inner\">\n\t\t\t\t<div class=\"elementor-element elementor-element-aa2d8d7 elementor-widget elementor-widget-heading\" data-id=\"aa2d8d7\" data-element_type=\"widget\" data-e-type=\"widget\" data-widget_type=\"heading.default\">\n\t\t\t\t<div class=\"elementor-widget-container\">\n\t\t\t\t\t<h2 class=\"elementor-heading-title elementor-size-default\">\ud83c\uddea\ud83c\uddf8 ESPA\u00d1A: <br>UNA PUERTA DE ENTRADA A AM\u00c9RICA LATINA \ud83c\uddea\ud83c\uddf8 <\/h2>\t\t\t\t<\/div>\n\t\t\t\t<\/div>\n\t\t\t\t\t<\/div>\n\t\t\t\t<\/div>\n\t\t<div class=\"elementor-element elementor-element-d874867 e-flex e-con-boxed e-con e-parent\" data-id=\"d874867\" data-element_type=\"container\" data-e-type=\"container\">\n\t\t\t\t\t<div class=\"e-con-inner\">\n\t\t\t\t<div class=\"elementor-element elementor-element-2babc0b elementor-widget elementor-widget-text-editor\" data-id=\"2babc0b\" data-element_type=\"widget\" data-e-type=\"widget\" data-widget_type=\"text-editor.default\">\n\t\t\t\t<div class=\"elementor-widget-container\">\n\t\t\t\t\t\t\t\t\t<p><span data-contrast=\"auto\">Como hemos comentado anteriormente, uno de los principales pa\u00edses m\u00e1s interesados en el Acuerdo UE-Mercosur es Espa\u00f1a.\u00a0<\/span><span data-ccp-props=\"{&quot;335551550&quot;:6,&quot;335551620&quot;:6,&quot;335559738&quot;:240,&quot;335559739&quot;:240}\">\u00a0<\/span><\/p><p><span data-contrast=\"auto\">Por lo que para finalizar esta entrada del blog sobre el Acuerdo UE-Mercosur haremos un an\u00e1lisis m\u00e1s detallado de los intereses espa\u00f1oles en este Acuerdo.\u00a0<\/span><span data-ccp-props=\"{&quot;335551550&quot;:6,&quot;335551620&quot;:6,&quot;335559738&quot;:240,&quot;335559739&quot;:240}\">\u00a0<\/span><\/p><p><span data-contrast=\"auto\">Espa\u00f1a, como uno de los principales actores en la UE, se posiciona estrat\u00e9gicamente como un puente cultural, econ\u00f3mico y pol\u00edtico entre Europa y Am\u00e9rica Latina, gracias a los cuales desempe\u00f1a un papel esencial en el fortalecimiento de las relaciones entre ambos bloques.\u00a0<\/span><span data-ccp-props=\"{&quot;335551550&quot;:6,&quot;335551620&quot;:6,&quot;335559738&quot;:240,&quot;335559739&quot;:240}\">\u00a0<\/span><\/p>\t\t\t\t\t\t\t\t<\/div>\n\t\t\t\t<\/div>\n\t\t\t\t\t<\/div>\n\t\t\t\t<\/div>\n\t\t<div class=\"elementor-element elementor-element-1f0a60a e-flex e-con-boxed e-con e-parent\" data-id=\"1f0a60a\" data-element_type=\"container\" data-e-type=\"container\">\n\t\t\t\t\t<div class=\"e-con-inner\">\n\t\t\t\t<div class=\"elementor-element elementor-element-a281e83 elementor-widget elementor-widget-text-editor\" data-id=\"a281e83\" data-element_type=\"widget\" data-e-type=\"widget\" data-widget_type=\"text-editor.default\">\n\t\t\t\t<div class=\"elementor-widget-container\">\n\t\t\t\t\t\t\t\t\t<p><em><strong><span class=\"TextRun SCXW222967947 BCX0\" lang=\"ES-ES\" xml:lang=\"ES-ES\" data-contrast=\"auto\"><span class=\"NormalTextRun SCXW222967947 BCX0\">\u201cEl papel de Espa\u00f1a en las relaciones entre la UE y el MERCOSUR no es solo comercial,&nbsp;<\/span><\/span><\/strong><\/em><em style=\"font-size: 16px; color: var( --e-global-color-text );\"><strong><span class=\"TextRun SCXW222967947 BCX0\" lang=\"ES-ES\" xml:lang=\"ES-ES\" data-contrast=\"auto\"><span class=\"NormalTextRun SCXW222967947 BCX0\">sino tambi\u00e9n geopol\u00edtico\u201d<\/span><\/span><span class=\"EOP SCXW222967947 BCX0\" data-ccp-props=\"{&quot;335551550&quot;:2,&quot;335551620&quot;:2,&quot;335559738&quot;:240,&quot;335559739&quot;:240}\">&nbsp;<\/span><\/strong><\/em><\/p>\t\t\t\t\t\t\t\t<\/div>\n\t\t\t\t<\/div>\n\t\t\t\t\t<\/div>\n\t\t\t\t<\/div>\n\t\t<div class=\"elementor-element elementor-element-10dd2b3 e-flex e-con-boxed e-con e-parent\" data-id=\"10dd2b3\" data-element_type=\"container\" data-e-type=\"container\">\n\t\t\t\t\t<div class=\"e-con-inner\">\n\t\t\t\t<div class=\"elementor-element elementor-element-3b84639 elementor-widget elementor-widget-text-editor\" data-id=\"3b84639\" data-element_type=\"widget\" data-e-type=\"widget\" data-widget_type=\"text-editor.default\">\n\t\t\t\t<div class=\"elementor-widget-container\">\n\t\t\t\t\t\t\t\t\t<ol><li><b><span data-contrast=\"auto\"> V\u00ednculos Hist\u00f3ricos y Culturales: Una Relaci\u00f3n \u00danica<\/span><\/b><\/li><\/ol><p><span data-contrast=\"auto\">Espa\u00f1a comparte con Am\u00e9rica Latina una herencia cultural e idiom\u00e1tica que la convierte en el socio europeo m\u00e1s cercano a la regi\u00f3n. Esta conexi\u00f3n facilita las negociaciones comerciales y permite a las empresas espa\u00f1olas operar con ventaja en mercados como Brasil, Argentina, Uruguay y Paraguay. De hecho, m\u00e1s del 90% de la poblaci\u00f3n del MERCOSUR habla espa\u00f1ol o portugu\u00e9s, lo que otorga a las empresas espa\u00f1olas una capacidad \u00fanica para comunicarse y establecer relaciones.\u00a0<\/span><span data-ccp-props=\"{&quot;335551550&quot;:6,&quot;335551620&quot;:6,&quot;335559738&quot;:240,&quot;335559739&quot;:240}\">\u00a0<\/span><\/p><ol start=\"2\"><li><b><span data-contrast=\"auto\"> Liderazgo Comercial y Econ\u00f3mico en la Regi\u00f3n<\/span><\/b><\/li><\/ol><p><span data-contrast=\"auto\">Espa\u00f1a es el mayor inversor europeo en Am\u00e9rica Latina, con una inversi\u00f3n acumulada que supera los <\/span><b><span data-contrast=\"auto\">140.000 millones \u20ac<\/span><\/b><span data-contrast=\"auto\">. Empresas espa\u00f1olas l\u00edderes en sectores como banca, energ\u00eda, telecomunicaciones e infraestructura han consolidado su presencia en mercados estrat\u00e9gicos de MERCOSUR.\u00a0<\/span><span data-ccp-props=\"{&quot;335551550&quot;:6,&quot;335551620&quot;:6,&quot;335559738&quot;:240,&quot;335559739&quot;:240}\">\u00a0<\/span><\/p><p><span data-contrast=\"auto\">De hecho, Espa\u00f1a ha incrementado significativamente sus exportaciones a la regi\u00f3n en sectores de alto valor a\u00f1adido como tecnolog\u00eda, farmac\u00e9utica y agroalimentaci\u00f3n.\u00a0<\/span><span data-ccp-props=\"{&quot;335551550&quot;:6,&quot;335551620&quot;:6,&quot;335559738&quot;:240,&quot;335559739&quot;:240}\">\u00a0<\/span><\/p><ol start=\"3\"><li><b><span data-contrast=\"auto\"> Un Socio Estrat\u00e9gico en el Contexto del Acuerdo UE-MERCOSUR<\/span><\/b><\/li><\/ol><p><span data-contrast=\"auto\">El acuerdo comercial entre la UE y MERCOSUR otorga a Espa\u00f1a una ventaja clave para consolidar su papel como puerta de entrada a Am\u00e9rica Latina, principalmente por varios factores:\u00a0<\/span><span data-ccp-props=\"{&quot;335551550&quot;:6,&quot;335551620&quot;:6,&quot;335559738&quot;:240,&quot;335559739&quot;:240}\">\u00a0<\/span><\/p><ul><li data-leveltext=\"\uf0b7\" data-font=\"Symbol\" data-listid=\"5\" data-list-defn-props=\"{&quot;335552541&quot;:1,&quot;335559685&quot;:720,&quot;335559991&quot;:360,&quot;469769226&quot;:&quot;Symbol&quot;,&quot;469769242&quot;:[8226],&quot;469777803&quot;:&quot;left&quot;,&quot;469777804&quot;:&quot;\uf0b7&quot;,&quot;469777815&quot;:&quot;hybridMultilevel&quot;}\" aria-setsize=\"-1\" data-aria-posinset=\"1\" data-aria-level=\"1\"><b><span data-contrast=\"auto\">\u00a0Posici\u00f3n geogr\u00e1fica<\/span><\/b><span data-contrast=\"auto\">:<\/span>\u00a0<br \/><span data-contrast=\"auto\">Gracias a su ubicaci\u00f3n y su red de infraestructuras portuarias (como los puertos de Algeciras y Valencia), gracias al Acuerdo; Espa\u00f1a puede convertirse en el principal punto de entrada para las mercanc\u00edas del MERCOSUR hacia Europa.\u00a0<\/span><span data-ccp-props=\"{&quot;335551550&quot;:6,&quot;335551620&quot;:6,&quot;335559738&quot;:240,&quot;335559739&quot;:240}\">\u00a0<\/span><\/li><\/ul><ul><li data-leveltext=\"\uf0b7\" data-font=\"Symbol\" data-listid=\"5\" data-list-defn-props=\"{&quot;335552541&quot;:1,&quot;335559685&quot;:720,&quot;335559991&quot;:360,&quot;469769226&quot;:&quot;Symbol&quot;,&quot;469769242&quot;:[8226],&quot;469777803&quot;:&quot;left&quot;,&quot;469777804&quot;:&quot;\uf0b7&quot;,&quot;469777815&quot;:&quot;hybridMultilevel&quot;}\" aria-setsize=\"-1\" data-aria-posinset=\"2\" data-aria-level=\"1\"><b><span data-contrast=\"auto\">Fortalecimiento de las exportaciones<\/span><\/b><span data-contrast=\"auto\">:<\/span>\u00a0<br \/><span data-contrast=\"auto\">Con la eliminaci\u00f3n de aranceles y barreras comerciales, Espa\u00f1a est\u00e1 bien posicionada para incrementar sus exportaciones en sectores estrat\u00e9gicos, como maquinaria, productos qu\u00edmicos, bienes de consumo y energ\u00edas renovables.\u00a0<\/span><span data-ccp-props=\"{&quot;335551550&quot;:6,&quot;335551620&quot;:6,&quot;335559738&quot;:240,&quot;335559739&quot;:240}\">\u00a0<\/span><\/li><\/ul><p><span data-contrast=\"auto\">Por tanto, <\/span><b><span data-contrast=\"auto\">el papel de Espa\u00f1a en las relaciones entre la UE y el MERCOSUR no es solo comercial, sino tambi\u00e9n geopol\u00edtico<\/span><\/b><span data-contrast=\"auto\">. Como l\u00edder en inversi\u00f3n, comercio e innovaci\u00f3n, Espa\u00f1a se consolida como la puerta de entrada natural a Am\u00e9rica Latina y un socio esencial para fortalecer los lazos entre ambos continentes.\u00a0<\/span><span data-ccp-props=\"{&quot;335551550&quot;:6,&quot;335551620&quot;:6,&quot;335559738&quot;:240,&quot;335559739&quot;:240}\">\u00a0<\/span><\/p>\t\t\t\t\t\t\t\t<\/div>\n\t\t\t\t<\/div>\n\t\t\t\t\t<\/div>\n\t\t\t\t<\/div>\n\t\t<div class=\"elementor-element elementor-element-dcfc78b e-flex e-con-boxed e-con e-parent\" data-id=\"dcfc78b\" data-element_type=\"container\" data-e-type=\"container\">\n\t\t\t\t\t<div class=\"e-con-inner\">\n\t\t\t\t<div class=\"elementor-element elementor-element-aa0fd52 elementor-widget elementor-widget-heading\" data-id=\"aa0fd52\" data-element_type=\"widget\" data-e-type=\"widget\" data-widget_type=\"heading.default\">\n\t\t\t\t<div class=\"elementor-widget-container\">\n\t\t\t\t\t<h2 class=\"elementor-heading-title elementor-size-default\">Conclusi\u00f3n<\/h2>\t\t\t\t<\/div>\n\t\t\t\t<\/div>\n\t\t\t\t\t<\/div>\n\t\t\t\t<\/div>\n\t\t<div class=\"elementor-element elementor-element-52ea7aa e-flex e-con-boxed e-con e-parent\" data-id=\"52ea7aa\" data-element_type=\"container\" data-e-type=\"container\">\n\t\t\t\t\t<div class=\"e-con-inner\">\n\t\t\t\t<div class=\"elementor-element elementor-element-63417da elementor-widget elementor-widget-text-editor\" data-id=\"63417da\" data-element_type=\"widget\" data-e-type=\"widget\" data-widget_type=\"text-editor.default\">\n\t\t\t\t<div class=\"elementor-widget-container\">\n\t\t\t\t\t\t\t\t\t<p><span class=\"TextRun SCXW125441315 BCX0\" lang=\"ES-ES\" xml:lang=\"ES-ES\" data-contrast=\"auto\"><span class=\"NormalTextRun SCXW125441315 BCX0\">El <\/span><\/span><span class=\"TextRun SCXW125441315 BCX0\" lang=\"ES-ES\" xml:lang=\"ES-ES\" data-contrast=\"auto\"><span class=\"NormalTextRun SCXW125441315 BCX0\">Acuerdo UE-Mercosur<\/span><\/span><span class=\"TextRun SCXW125441315 BCX0\" lang=\"ES-ES\" xml:lang=\"ES-ES\" data-contrast=\"auto\"><span class=\"NormalTextRun SCXW125441315 BCX0\"> no solo consolida la cooperaci\u00f3n entre los bloques comerciales, sino que redefine la <\/span><\/span><span class=\"TextRun SCXW125441315 BCX0\" lang=\"ES-ES\" xml:lang=\"ES-ES\" data-contrast=\"auto\"><span class=\"NormalTextRun SCXW125441315 BCX0\">geopol\u00edtica comercial<\/span><\/span><span class=\"TextRun SCXW125441315 BCX0\" lang=\"ES-ES\" xml:lang=\"ES-ES\" data-contrast=\"auto\"><span class=\"NormalTextRun SCXW125441315 BCX0\"> entre Europa y Sudam\u00e9rica. En el contexto del <\/span><\/span><span class=\"TextRun SCXW125441315 BCX0\" lang=\"ES-ES\" xml:lang=\"ES-ES\" data-contrast=\"auto\"><span class=\"NormalTextRun SCXW125441315 BCX0\">comercio internacional<\/span><\/span><span class=\"TextRun SCXW125441315 BCX0\" lang=\"ES-ES\" xml:lang=\"ES-ES\" data-contrast=\"auto\"><span class=\"NormalTextRun SCXW125441315 BCX0\">, este pacto refuerza las conexiones transatl\u00e1nticas, ofreciendo oportunidades de modernizaci\u00f3n econ\u00f3mica y una mayor integraci\u00f3n global para los pa\u00edses del MERCOSUR.<\/span><\/span><span class=\"EOP SCXW125441315 BCX0\" data-ccp-props=\"{&quot;335551550&quot;:6,&quot;335551620&quot;:6,&quot;335559738&quot;:240,&quot;335559739&quot;:240}\">\u00a0<\/span><\/p>\t\t\t\t\t\t\t\t<\/div>\n\t\t\t\t<\/div>\n\t\t\t\t\t<\/div>\n\t\t\t\t<\/div>\n\t\t<div class=\"elementor-element elementor-element-e2bd421 e-flex e-con-boxed e-con e-parent\" data-id=\"e2bd421\" data-element_type=\"container\" data-e-type=\"container\">\n\t\t\t\t\t<div class=\"e-con-inner\">\n\t\t\t\t<div class=\"elementor-element elementor-element-507a88b elementor-widget elementor-widget-text-editor\" data-id=\"507a88b\" data-element_type=\"widget\" data-e-type=\"widget\" data-widget_type=\"text-editor.default\">\n\t\t\t\t<div class=\"elementor-widget-container\">\n\t\t\t\t\t\t\t\t\t<p><strong><span class=\"TextRun SCXW249288066 BCX0\" lang=\"ES-ES\" xml:lang=\"ES-ES\" data-contrast=\"auto\"><span class=\"NormalTextRun SCXW249288066 BCX0\">Este Acuerdo no solo busca ventajas econ\u00f3micas,&nbsp;<\/span><\/span><\/strong><strong style=\"font-size: 16px; color: var( --e-global-color-text );\"><span class=\"TextRun SCXW249288066 BCX0\" lang=\"ES-ES\" xml:lang=\"ES-ES\" data-contrast=\"auto\"><span class=\"NormalTextRun SCXW249288066 BCX0\">sino tambi\u00e9n consolidar una alianza que puede influir en las reglas del comercio <\/span><span class=\"NormalTextRun SCXW249288066 BCX0\">mundial<\/span><\/span><span class=\"EOP SCXW249288066 BCX0\" data-ccp-props=\"{&quot;335551550&quot;:6,&quot;335551620&quot;:6,&quot;335559738&quot;:240,&quot;335559739&quot;:240}\">&nbsp;<\/span><\/strong><\/p>\t\t\t\t\t\t\t\t<\/div>\n\t\t\t\t<\/div>\n\t\t\t\t\t<\/div>\n\t\t\t\t<\/div>\n\t\t<div class=\"elementor-element elementor-element-49e6c7d e-flex e-con-boxed e-con e-parent\" data-id=\"49e6c7d\" data-element_type=\"container\" data-e-type=\"container\">\n\t\t\t\t\t<div class=\"e-con-inner\">\n\t\t\t\t<div class=\"elementor-element elementor-element-d6f0411 elementor-widget elementor-widget-text-editor\" data-id=\"d6f0411\" data-element_type=\"widget\" data-e-type=\"widget\" data-widget_type=\"text-editor.default\">\n\t\t\t\t<div class=\"elementor-widget-container\">\n\t\t\t\t\t\t\t\t\t<p><strong>Y recuerda&#8230; HAY VIDA M\u00c1S ALL\u00c1 DE TURQU\u00cdA !!<\/strong><\/p>\t\t\t\t\t\t\t\t<\/div>\n\t\t\t\t<\/div>\n\t\t\t\t\t<\/div>\n\t\t\t\t<\/div>\n\t\t\t\t<\/div>\n\t\t","protected":false},"excerpt":{"rendered":"<p>Aprovechando la semana en la que Donald Trump ha iniciado su segundo mandato como presidente de Estados Unidos, lo que indica que vamos a tener una \u201cetapa intensa\u201d en lo relacionado con la geopol\u00edtica comercial, publicamos esta nueva entrada del blog; esta vez centrada en el Acuerdo entre la UE y Mercosur.\u00a0\u00a0 Hemos querido hacer&#8230;<\/p>\n","protected":false},"author":1,"featured_media":0,"comment_status":"closed","ping_status":"open","sticky":false,"template":"","format":"standard","meta":{"_uag_custom_page_level_css":"","_kad_post_transparent":"","_kad_post_title":"","_kad_post_layout":"","_kad_post_sidebar_id":"","_kad_post_content_style":"","_kad_post_vertical_padding":"","_kad_post_feature":"","_kad_post_feature_position":"","_kad_post_header":false,"_kad_post_footer":false,"_kad_post_classname":"","footnotes":""},"categories":[38,22],"tags":[],"class_list":["post-3232","post","type-post","status-publish","format-standard","hentry","category-articulos-geopolitica-comercial","category-geopolitica-comercial"],"uagb_featured_image_src":{"full":false,"thumbnail":false,"medium":false,"medium_large":false,"large":false,"1536x1536":false,"2048x2048":false,"trp-custom-language-flag":false,"qi_addons_for_elementor_image_size_square":false,"qi_addons_for_elementor_image_size_landscape":false,"qi_addons_for_elementor_image_size_portrait":false,"qi_addons_for_elementor_image_size_huge-square":false},"uagb_author_info":{"display_name":"Trade &amp; Trail","author_link":"https:\/\/tradeandtrail.net\/es\/author\/tradeandtrail74gmail-com\/"},"uagb_comment_info":0,"uagb_excerpt":"Aprovechando la semana en la que Donald Trump ha iniciado su segundo mandato como presidente de Estados Unidos, lo que indica que vamos a tener una \u201cetapa intensa\u201d en lo relacionado con la geopol\u00edtica comercial, publicamos esta nueva entrada del blog; esta vez centrada en el Acuerdo entre la UE y Mercosur.\u00a0\u00a0 Hemos querido hacer...","rttpg_featured_image_url":null,"rttpg_author":{"display_name":"Trade &amp; Trail","author_link":"https:\/\/tradeandtrail.net\/es\/author\/tradeandtrail74gmail-com\/"},"rttpg_comment":0,"rttpg_category":"<a href=\"https:\/\/tradeandtrail.net\/es\/category\/geopolitica-comercial\/articulos-geopolitica-comercial\/\" rel=\"category tag\">Art\u00edculos<\/a> <a href=\"https:\/\/tradeandtrail.net\/es\/category\/geopolitica-comercial\/\" rel=\"category tag\">Geopolitica Comercial<\/a>","rttpg_excerpt":"Aprovechando la semana en la que Donald Trump ha iniciado su segundo mandato como presidente de Estados Unidos, lo que indica que vamos a tener una \u201cetapa intensa\u201d en lo relacionado con la geopol\u00edtica comercial, publicamos esta nueva entrada del blog; esta vez centrada en el Acuerdo entre la UE y Mercosur.\u00a0\u00a0 Hemos querido hacer...","_links":{"self":[{"href":"https:\/\/tradeandtrail.net\/es\/wp-json\/wp\/v2\/posts\/3232","targetHints":{"allow":["GET"]}}],"collection":[{"href":"https:\/\/tradeandtrail.net\/es\/wp-json\/wp\/v2\/posts"}],"about":[{"href":"https:\/\/tradeandtrail.net\/es\/wp-json\/wp\/v2\/types\/post"}],"author":[{"embeddable":true,"href":"https:\/\/tradeandtrail.net\/es\/wp-json\/wp\/v2\/users\/1"}],"replies":[{"embeddable":true,"href":"https:\/\/tradeandtrail.net\/es\/wp-json\/wp\/v2\/comments?post=3232"}],"version-history":[{"count":13,"href":"https:\/\/tradeandtrail.net\/es\/wp-json\/wp\/v2\/posts\/3232\/revisions"}],"predecessor-version":[{"id":3246,"href":"https:\/\/tradeandtrail.net\/es\/wp-json\/wp\/v2\/posts\/3232\/revisions\/3246"}],"wp:attachment":[{"href":"https:\/\/tradeandtrail.net\/es\/wp-json\/wp\/v2\/media?parent=3232"}],"wp:term":[{"taxonomy":"category","embeddable":true,"href":"https:\/\/tradeandtrail.net\/es\/wp-json\/wp\/v2\/categories?post=3232"},{"taxonomy":"post_tag","embeddable":true,"href":"https:\/\/tradeandtrail.net\/es\/wp-json\/wp\/v2\/tags?post=3232"}],"curies":[{"name":"wp","href":"https:\/\/api.w.org\/{rel}","templated":true}]}}