{"id":3263,"date":"2025-02-16T23:38:27","date_gmt":"2025-02-16T23:38:27","guid":{"rendered":"https:\/\/tradeandtrail.net\/?p=3263"},"modified":"2025-10-12T14:27:28","modified_gmt":"2025-10-12T14:27:28","slug":"los-acuerdos-de-libre-comercio-de-la-ue-como-benefician-a-las-pymes-exportadoras","status":"publish","type":"post","link":"https:\/\/tradeandtrail.net\/es\/los-acuerdos-de-libre-comercio-de-la-ue-como-benefician-a-las-pymes-exportadoras\/","title":{"rendered":"\u00abLos Acuerdos de Libre Comercio de la UE: \u00bfC\u00f3mo Benefician a las PYMES Exportadoras?\u00bb"},"content":{"rendered":"\t\t<div data-elementor-type=\"wp-post\" data-elementor-id=\"3263\" class=\"elementor elementor-3263\">\n\t\t\t\t<div class=\"elementor-element elementor-element-67a48f5 e-flex e-con-boxed e-con e-parent\" data-id=\"67a48f5\" data-element_type=\"container\" data-e-type=\"container\">\n\t\t\t\t\t<div class=\"e-con-inner\">\n\t\t\t\t<div class=\"elementor-element elementor-element-33cd2e7 elementor-widget elementor-widget-image\" data-id=\"33cd2e7\" data-element_type=\"widget\" data-e-type=\"widget\" data-widget_type=\"image.default\">\n\t\t\t\t<div class=\"elementor-widget-container\">\n\t\t\t\t\t\t\t\t\t\t\t\t\t\t\t<img fetchpriority=\"high\" decoding=\"async\" width=\"650\" height=\"650\" src=\"https:\/\/tradeandtrail.net\/wp-content\/uploads\/2025\/02\/Portada-ALC-650x650.jpg\" class=\"attachment-qi_addons_for_elementor_image_size_square size-qi_addons_for_elementor_image_size_square wp-image-3265\" alt=\"\" srcset=\"https:\/\/tradeandtrail.net\/wp-content\/uploads\/2025\/02\/Portada-ALC-650x650.jpg 650w, https:\/\/tradeandtrail.net\/wp-content\/uploads\/2025\/02\/Portada-ALC-300x300.jpg 300w, https:\/\/tradeandtrail.net\/wp-content\/uploads\/2025\/02\/Portada-ALC-150x150.jpg 150w, https:\/\/tradeandtrail.net\/wp-content\/uploads\/2025\/02\/Portada-ALC-768x768.jpg 768w, https:\/\/tradeandtrail.net\/wp-content\/uploads\/2025\/02\/Portada-ALC-12x12.jpg 12w, https:\/\/tradeandtrail.net\/wp-content\/uploads\/2025\/02\/Portada-ALC-600x600.jpg 600w, https:\/\/tradeandtrail.net\/wp-content\/uploads\/2025\/02\/Portada-ALC.jpg 1024w\" sizes=\"(max-width: 650px) 100vw, 650px\" \/>\t\t\t\t\t\t\t\t\t\t\t\t\t\t\t<\/div>\n\t\t\t\t<\/div>\n\t\t\t\t\t<\/div>\n\t\t\t\t<\/div>\n\t\t<div class=\"elementor-element elementor-element-09bd42f e-flex e-con-boxed e-con e-parent\" data-id=\"09bd42f\" data-element_type=\"container\" data-e-type=\"container\">\n\t\t\t\t\t<div class=\"e-con-inner\">\n\t\t\t\t<div class=\"elementor-element elementor-element-5b72107 elementor-widget elementor-widget-text-editor\" data-id=\"5b72107\" data-element_type=\"widget\" data-e-type=\"widget\" data-widget_type=\"text-editor.default\">\n\t\t\t\t<div class=\"elementor-widget-container\">\n\t\t\t\t\t\t\t\t\t<p><span class=\"TextRun SCXW43864555 BCX0\" lang=\"ES-ES\" xml:lang=\"ES-ES\" data-contrast=\"auto\"><span class=\"NormalTextRun SCXW43864555 BCX0\">Como continuaci\u00f3n del blog publicado el mes pasado en nuestra secci\u00f3n de \u201cGeoestrategia Comercial\u201d, centrado en el <a href=\"https:\/\/tradeandtrail.net\/es\/acuerdo-ue-mercosur-geoestrategia-y-oportunidades\/\">Acuerdo UE-MERCOSUR<\/a> <\/span><\/span><span class=\"TextRun SCXW43864555 BCX0\" lang=\"ES-ES\" xml:lang=\"ES-ES\" data-contrast=\"auto\"><span class=\"NormalTextRun SCXW43864555 BCX0\">, desarrollamos este nuevo art\u00edculo centrado en los <\/span><span class=\"NormalTextRun SCXW43864555 BCX0\">beneficios<\/span><span class=\"NormalTextRun SCXW43864555 BCX0\"> que los Acuerdos de Libre <\/span><span class=\"NormalTextRun SCXW43864555 BCX0\">Comercio<\/span><span class=\"NormalTextRun SCXW43864555 BCX0\"> (ALC) <\/span><span class=\"NormalTextRun SCXW43864555 BCX0\">de la UE <\/span><span class=\"NormalTextRun SCXW43864555 BCX0\">o<\/span><span class=\"NormalTextRun SCXW43864555 BCX0\">frecen <\/span><span class=\"NormalTextRun SCXW43864555 BCX0\">a las PYMES <\/span><span class=\"NormalTextRun SCXW43864555 BCX0\">exportadoras<\/span><span class=\"NormalTextRun SCXW43864555 BCX0\">.\u00a0<\/span><\/span><span class=\"EOP SCXW43864555 BCX0\" data-ccp-props=\"{&quot;134233117&quot;:false,&quot;134233118&quot;:false,&quot;335551550&quot;:6,&quot;335551620&quot;:6,&quot;335559685&quot;:0,&quot;335559738&quot;:0,&quot;335559739&quot;:210}\">\u00a0<\/span><\/p>\t\t\t\t\t\t\t\t<\/div>\n\t\t\t\t<\/div>\n\t\t\t\t\t<\/div>\n\t\t\t\t<\/div>\n\t\t<div class=\"elementor-element elementor-element-e28e239 e-flex e-con-boxed e-con e-parent\" data-id=\"e28e239\" data-element_type=\"container\" data-e-type=\"container\">\n\t\t\t\t\t<div class=\"e-con-inner\">\n\t\t\t\t<div class=\"elementor-element elementor-element-cc8e128 elementor-widget elementor-widget-text-editor\" data-id=\"cc8e128\" data-element_type=\"widget\" data-e-type=\"widget\" data-widget_type=\"text-editor.default\">\n\t\t\t\t<div class=\"elementor-widget-container\">\n\t\t\t\t\t\t\t\t\t<p><span data-contrast=\"auto\">Debido al momento actual que estamos viviendo (febrero de 2025 y con s\u00f3lo un mes de funcionamiento de la nueva Administraci\u00f3n Trump en EEUU) quiz\u00e1 nuestros lectores estaban interesados en tener una publicaci\u00f3n sobre la nueva geopol\u00edtica comercial que parece que va a existir con la utilizaci\u00f3n de los aranceles y la guerra comercial como arma de geopol\u00edtica internacional. <\/span><\/p><p><span data-contrast=\"auto\">Pero desde TRADE&amp;TRAIL, nuestra experiencia nos dice que en estas situaciones es mejor dejar pasar el tiempo, ver c\u00f3mo evolucionan las cosas y posteriomente podremos analizar la situaci\u00f3n con mayor perspectiva. Para poder leer todo tipo especulaciones ya tenemos una elevada cantidad de opiniones que publican a diario tanto expertos como no expertos en esta materia.<\/span><span data-ccp-props=\"{&quot;134233117&quot;:false,&quot;134233118&quot;:false,&quot;335551550&quot;:6,&quot;335551620&quot;:6,&quot;335559685&quot;:0,&quot;335559738&quot;:206,&quot;335559739&quot;:206}\">\u00a0<\/span><\/p><p><span data-contrast=\"auto\">Por el contrario, hemos decidido seguir con nuestro plan de trabajo de publicaciones quincenales sobre comercio internacional y geopol\u00edtica comercial en el que vamos a tratar un asunto que, aunque a muchos les parezca que no est\u00e1 muy relacionado con la actualidad, si que lo est\u00e1.; como son los <strong>Acuerdos de Libre Comercio<\/strong>. Ya que ante la situaci\u00f3n actual que se nos plantea en un futuro con cada vez mayores tensiones comerciales, el poder pertenecer ahora mismo a la UE es una oportunidad de oro para la PYMES europeas que se pueden aprovechar de la existencia de estos Acuerdos que ofrecen estabilidad, oportunidades de negocio y sobre soto seguridad jur\u00eddica jur\u00eddica en las operaciones comerciales. Por lo que hoy m\u00e1s que nunca, creemos en la necesidad de publicar un art\u00edculo como \u00e9ste.\u00a0<\/span><span data-ccp-props=\"{&quot;134233117&quot;:false,&quot;134233118&quot;:false,&quot;335551550&quot;:6,&quot;335551620&quot;:6,&quot;335559685&quot;:90,&quot;335559738&quot;:206,&quot;335559739&quot;:206}\">\u00a0<\/span><\/p>\t\t\t\t\t\t\t\t<\/div>\n\t\t\t\t<\/div>\n\t\t\t\t\t<\/div>\n\t\t\t\t<\/div>\n\t\t<div class=\"elementor-element elementor-element-9b9f220 e-flex e-con-boxed e-con e-parent\" data-id=\"9b9f220\" data-element_type=\"container\" data-e-type=\"container\">\n\t\t\t\t\t<div class=\"e-con-inner\">\n\t\t\t\t<div class=\"elementor-element elementor-element-aa5f0c0 elementor-widget elementor-widget-heading\" data-id=\"aa5f0c0\" data-element_type=\"widget\" data-e-type=\"widget\" data-widget_type=\"heading.default\">\n\t\t\t\t<div class=\"elementor-widget-container\">\n\t\t\t\t\t<h2 class=\"elementor-heading-title elementor-size-default\">El Rol de los Acuerdos Comerciales en el Comercio Internacional <\/h2>\t\t\t\t<\/div>\n\t\t\t\t<\/div>\n\t\t\t\t\t<\/div>\n\t\t\t\t<\/div>\n\t\t<div class=\"elementor-element elementor-element-0fa44a5 e-flex e-con-boxed e-con e-parent\" data-id=\"0fa44a5\" data-element_type=\"container\" data-e-type=\"container\">\n\t\t\t\t\t<div class=\"e-con-inner\">\n\t\t\t\t<div class=\"elementor-element elementor-element-178dbfe elementor-widget elementor-widget-text-editor\" data-id=\"178dbfe\" data-element_type=\"widget\" data-e-type=\"widget\" data-widget_type=\"text-editor.default\">\n\t\t\t\t<div class=\"elementor-widget-container\">\n\t\t\t\t\t\t\t\t\t<p><span data-contrast=\"auto\">En un mundo cada vez m\u00e1s interconectado, el <\/span><b><span data-contrast=\"auto\">comercio internacional<\/span><\/b><span data-contrast=\"auto\"> se ha convertido en una pieza clave para el crecimiento econ\u00f3mico de las empresas, especialmente para las <\/span><b><span data-contrast=\"auto\">PYMES<\/span><\/b><span data-contrast=\"auto\">.\u00a0<\/span><span data-ccp-props=\"{&quot;134233117&quot;:false,&quot;134233118&quot;:false,&quot;335551550&quot;:6,&quot;335551620&quot;:6,&quot;335559685&quot;:90,&quot;335559738&quot;:206,&quot;335559739&quot;:206}\">\u00a0<\/span><\/p><p><span data-contrast=\"auto\">Seg\u00fan datos del <\/span><b><span data-contrast=\"auto\">Centro de Comercio Internacional (CCI)<\/span><\/b><span data-contrast=\"auto\">, las <\/span><b><span data-contrast=\"auto\">PYMES<\/span><\/b><span data-contrast=\"auto\"> representan alrededor del <\/span><b><span data-contrast=\"auto\">90% de las empresas<\/span><\/b><span data-contrast=\"auto\"> y m\u00e1s del <\/span><b><span data-contrast=\"auto\">50% del empleo<\/span><\/b><span data-contrast=\"auto\"> a nivel mundial. Sin embargo, solo el <\/span><b><span data-contrast=\"auto\">25% de las exportaciones globales<\/span><\/b><span data-contrast=\"auto\"> provienen de estas empresas. Esta brecha se debe, en parte, a la falta de acceso a informaci\u00f3n y recursos para navegar en el complejo mundo del <\/span><b><span data-contrast=\"auto\">comercio internacional<\/span><\/b><span data-contrast=\"auto\">.\u00a0<\/span><span data-ccp-props=\"{&quot;134233117&quot;:false,&quot;134233118&quot;:false,&quot;335551550&quot;:6,&quot;335551620&quot;:6,&quot;335559685&quot;:90,&quot;335559738&quot;:206,&quot;335559739&quot;:206}\">\u00a0<\/span><\/p><p><span data-contrast=\"auto\">Aqu\u00ed es donde los <\/span><b><span data-contrast=\"auto\">acuerdos de libre comercio<\/span><\/b><span data-contrast=\"auto\"> juegan un papel crucial, al proporcionar un marco legal y econ\u00f3mico que facilita la expansi\u00f3n de las <\/span><b><span data-contrast=\"auto\">PYMES<\/span><\/b><span data-contrast=\"auto\"> en mercados extranjeros. Estos tratados eliminan o reducen aranceles, simplifican los procedimientos aduaneros y establecen normas claras para la exportaci\u00f3n e importaci\u00f3n de bienes y servicios. Para las <\/span><b><span data-contrast=\"auto\">PYMES<\/span><\/b><span data-contrast=\"auto\">, que a menudo carecen de los recursos de las grandes corporaciones, estos acuerdos representan una <\/span><b><span data-contrast=\"auto\">oportunidad<\/span><\/b><span data-contrast=\"auto\"> para competir en igualdad de condiciones. La <\/span><b><span data-contrast=\"auto\">Uni\u00f3n Europea<\/span><\/b><span data-contrast=\"auto\">, como uno de los actores m\u00e1s activos en la negociaci\u00f3n de <\/span><b><span data-contrast=\"auto\">acuerdos comerciales<\/span><\/b><span data-contrast=\"auto\">, ha firmado numerosos tratados que benefician directamente a las peque\u00f1as y medianas empresas.<\/span><span data-ccp-props=\"{&quot;134233117&quot;:false,&quot;134233118&quot;:false,&quot;335551550&quot;:6,&quot;335551620&quot;:6,&quot;335559685&quot;:90,&quot;335559738&quot;:206,&quot;335559739&quot;:206}\">\u00a0<\/span><\/p>\t\t\t\t\t\t\t\t<\/div>\n\t\t\t\t<\/div>\n\t\t\t\t<div class=\"elementor-element elementor-element-3750c19 elementor-widget elementor-widget-heading\" data-id=\"3750c19\" data-element_type=\"widget\" data-e-type=\"widget\" data-widget_type=\"heading.default\">\n\t\t\t\t<div class=\"elementor-widget-container\">\n\t\t\t\t\t<h2 class=\"elementor-heading-title elementor-size-default\">Oportunidades para las PYMES en los Acuerdos de la UE <\/h2>\t\t\t\t<\/div>\n\t\t\t\t<\/div>\n\t\t\t\t\t<\/div>\n\t\t\t\t<\/div>\n\t\t<div class=\"elementor-element elementor-element-29af330 e-flex e-con-boxed e-con e-parent\" data-id=\"29af330\" data-element_type=\"container\" data-e-type=\"container\">\n\t\t\t\t\t<div class=\"e-con-inner\">\n\t\t\t\t<div class=\"elementor-element elementor-element-204a3a5 elementor-widget elementor-widget-text-editor\" data-id=\"204a3a5\" data-element_type=\"widget\" data-e-type=\"widget\" data-widget_type=\"text-editor.default\">\n\t\t\t\t<div class=\"elementor-widget-container\">\n\t\t\t\t\t\t\t\t\t<p><span data-contrast=\"auto\">En este art\u00edculo, exploraremos c\u00f3mo los nuevos <\/span><b><span data-contrast=\"auto\">acuerdos comerciales<\/span><\/b><span data-contrast=\"auto\"> impulsados por la <\/span><b><span data-contrast=\"auto\">Uni\u00f3n Europea (UE)<\/span><\/b><span data-contrast=\"auto\"> est\u00e1n transformando el panorama para las <\/span><b><span data-contrast=\"auto\">PYMES exportadoras<\/span><\/b><span data-contrast=\"auto\">, ofreci\u00e9ndoles ventajas competitivas y acceso a mercados m\u00e1s amplios.<\/span><span data-ccp-props=\"{&quot;134233117&quot;:false,&quot;134233118&quot;:false,&quot;335551550&quot;:6,&quot;335551620&quot;:6,&quot;335559685&quot;:90,&quot;335559738&quot;:206,&quot;335559739&quot;:206}\">\u00a0<\/span><\/p><p><span data-contrast=\"auto\">La <\/span><b><span data-contrast=\"auto\">Uni\u00f3n Europea<\/span><\/b><span data-contrast=\"auto\"> ha firmado m\u00e1s de <\/span><b><span data-contrast=\"auto\">40 acuerdos comerciales<\/span><\/b><span data-contrast=\"auto\"> con pa\u00edses y regiones de todo el mundo, creando una red de acceso preferencial para las empresas europeas. Estos tratados no solo eliminan barreras arancelarias, sino que tambi\u00e9n incluyen disposiciones espec\u00edficas para apoyar a las <\/span><b><span data-contrast=\"auto\">PYMES<\/span><\/b><span data-contrast=\"auto\">. Por ejemplo, el <\/span><b><span data-contrast=\"auto\">Acuerdo Comercial entre la UE y Canad\u00e1 (CETA)<\/span><\/b><span data-contrast=\"auto\">, en vigor desde 2017, ha eliminado aranceles para el <\/span><b><span data-contrast=\"auto\">98% de los productos<\/span><\/b><span data-contrast=\"auto\"> y ha simplificado los tr\u00e1mites aduaneros, lo que permiti\u00f3 a las <\/span><b><span data-contrast=\"auto\">PYMES<\/span><\/b><span data-contrast=\"auto\"> europeas aumentar sus exportaciones a Canad\u00e1 en un <\/span><b><span data-contrast=\"auto\">15%<\/span><\/b><span data-contrast=\"auto\"> s\u00f3lo durante los primeros tres a\u00f1os de implementaci\u00f3n.<\/span><span data-ccp-props=\"{&quot;134233117&quot;:false,&quot;134233118&quot;:false,&quot;335551550&quot;:6,&quot;335551620&quot;:6,&quot;335559685&quot;:90,&quot;335559738&quot;:206,&quot;335559739&quot;:206}\">\u00a0<\/span><\/p><p><span data-contrast=\"auto\">Adem\u00e1s, la UE ha desarrollado herramientas como el <\/span><b><span data-contrast=\"auto\"><a href=\"http:\/\/(https:\/\/trade.ec.europa.eu\/access-to-markets\/es\/home\" data-wplink-url-error=\"true\">Portal de Acceso a los Mercados<\/a> <\/span><\/b><span data-contrast=\"auto\">que proporciona informaci\u00f3n detallada sobre los requisitos de acceso a m\u00e1s de <\/span><b><span data-contrast=\"auto\">120 mercados internacionales<\/span><\/b><span data-contrast=\"auto\">. Este recurso es especialmente \u00fatil para las <\/span><b><span data-contrast=\"auto\">PYMES<\/span><\/b><span data-contrast=\"auto\">, que a menudo carecen de los recursos para realizar investigaciones de mercado complejas. Seg\u00fan un informe de la <\/span><b><span data-contrast=\"auto\">Comisi\u00f3n Europea<\/span><\/b><span data-contrast=\"auto\">, el <\/span><b><span data-contrast=\"auto\">70% de las PYMES<\/span><\/b><span data-contrast=\"auto\"> que utilizan este portal han logrado identificar nuevas <\/span><b><span data-contrast=\"auto\">oportunidades<\/span><\/b><span data-contrast=\"auto\"> de exportaci\u00f3n. Cabe mencionar que a nivel nacional tambi\u00e9n tenernos el portal de <a href=\"https:\/\/barrerascomerciales.comercio.gob.es\/es-es\/Paginas\/index.aspx\">Barreras en Mercados Exteriores<\/a> <\/span><span data-contrast=\"auto\">publicado por la Secretar\u00eda de Estado de Comercio. <\/span><span data-ccp-props=\"{&quot;134233117&quot;:false,&quot;134233118&quot;:false,&quot;335551550&quot;:6,&quot;335551620&quot;:6,&quot;335559685&quot;:90,&quot;335559738&quot;:206,&quot;335559739&quot;:206}\">\u00a0<\/span><\/p>\t\t\t\t\t\t\t\t<\/div>\n\t\t\t\t<\/div>\n\t\t\t\t\t<\/div>\n\t\t\t\t<\/div>\n\t\t<div class=\"elementor-element elementor-element-56e07fa e-flex e-con-boxed e-con e-parent\" data-id=\"56e07fa\" data-element_type=\"container\" data-e-type=\"container\">\n\t\t\t\t\t<div class=\"e-con-inner\">\n\t\t\t\t<div class=\"elementor-element elementor-element-eb38495 elementor-widget elementor-widget-image\" data-id=\"eb38495\" data-element_type=\"widget\" data-e-type=\"widget\" data-widget_type=\"image.default\">\n\t\t\t\t<div class=\"elementor-widget-container\">\n\t\t\t\t\t\t\t\t\t\t\t\t\t\t\t<img decoding=\"async\" width=\"702\" height=\"506\" src=\"https:\/\/tradeandtrail.net\/wp-content\/uploads\/2025\/02\/EU-Trade-Agreements.png\" class=\"attachment-large size-large wp-image-3269\" alt=\"\" srcset=\"https:\/\/tradeandtrail.net\/wp-content\/uploads\/2025\/02\/EU-Trade-Agreements.png 702w, https:\/\/tradeandtrail.net\/wp-content\/uploads\/2025\/02\/EU-Trade-Agreements-300x216.png 300w, https:\/\/tradeandtrail.net\/wp-content\/uploads\/2025\/02\/EU-Trade-Agreements-18x12.png 18w\" sizes=\"(max-width: 702px) 100vw, 702px\" \/>\t\t\t\t\t\t\t\t\t\t\t\t\t\t\t<\/div>\n\t\t\t\t<\/div>\n\t\t\t\t\t<\/div>\n\t\t\t\t<\/div>\n\t\t<div class=\"elementor-element elementor-element-4a56f2b e-flex e-con-boxed e-con e-parent\" data-id=\"4a56f2b\" data-element_type=\"container\" data-e-type=\"container\">\n\t\t\t\t\t<div class=\"e-con-inner\">\n\t\t\t\t<div class=\"elementor-element elementor-element-6c52b57 elementor-widget elementor-widget-heading\" data-id=\"6c52b57\" data-element_type=\"widget\" data-e-type=\"widget\" data-widget_type=\"heading.default\">\n\t\t\t\t<div class=\"elementor-widget-container\">\n\t\t\t\t\t<h2 class=\"elementor-heading-title elementor-size-default\">An\u00e1lisis de los Principales Acuerdos de Libre Comercio Firmados por la UE <\/h2>\t\t\t\t<\/div>\n\t\t\t\t<\/div>\n\t\t\t\t\t<\/div>\n\t\t\t\t<\/div>\n\t\t<div class=\"elementor-element elementor-element-1daa9c6 e-flex e-con-boxed e-con e-parent\" data-id=\"1daa9c6\" data-element_type=\"container\" data-e-type=\"container\">\n\t\t\t\t\t<div class=\"e-con-inner\">\n\t\t\t\t<div class=\"elementor-element elementor-element-e137cf2 elementor-widget elementor-widget-text-editor\" data-id=\"e137cf2\" data-element_type=\"widget\" data-e-type=\"widget\" data-widget_type=\"text-editor.default\">\n\t\t\t\t<div class=\"elementor-widget-container\">\n\t\t\t\t\t\t\t\t\t<p><span class=\"TextRun SCXW189400342 BCX0\" lang=\"ES-ES\" xml:lang=\"ES-ES\" data-contrast=\"auto\"><span class=\"NormalTextRun SCXW189400342 BCX0\">La Uni\u00f3n Europea (UE) ha establecido una serie de acuerdos de libre comercio con diversos pa\u00edses y regiones, con el objetivo de fomentar el comercio y la cooperaci\u00f3n econ\u00f3mica.<\/span><span class=\"NormalTextRun SCXW189400342 BCX0\"> Estos acuerdos han permitido la eliminaci\u00f3n o reducci\u00f3n significativa de aranceles, facilitando el acceso a mercados internacionales y promoviendo el crecimiento de las exportaciones europeas. A continuaci\u00f3n, se presentan los principales datos de algunos de estos acuerdos, destacando los sectores clave, la reducci\u00f3n de aranceles y el crecimiento estimado de las exportaciones.<\/span><\/span><span class=\"EOP SCXW189400342 BCX0\" data-ccp-props=\"{&quot;134233117&quot;:false,&quot;134233118&quot;:false,&quot;335551550&quot;:6,&quot;335551620&quot;:6,&quot;335559685&quot;:90,&quot;335559738&quot;:206,&quot;335559739&quot;:206}\">\u00a0<\/span><\/p>\t\t\t\t\t\t\t\t<\/div>\n\t\t\t\t<\/div>\n\t\t\t\t\t<\/div>\n\t\t\t\t<\/div>\n\t\t<div class=\"elementor-element elementor-element-c839158 e-flex e-con-boxed e-con e-parent\" data-id=\"c839158\" data-element_type=\"container\" data-e-type=\"container\">\n\t\t\t\t\t<div class=\"e-con-inner\">\n\t\t<div class=\"elementor-element elementor-element-e5462ae e-con-full e-flex e-con e-child\" data-id=\"e5462ae\" data-element_type=\"container\" data-e-type=\"container\">\n\t\t\t\t<div class=\"elementor-element elementor-element-e73ae6c elementor-widget elementor-widget-text-editor\" data-id=\"e73ae6c\" data-element_type=\"widget\" data-e-type=\"widget\" data-widget_type=\"text-editor.default\">\n\t\t\t\t<div class=\"elementor-widget-container\">\n\t\t\t\t\t\t\t\t\t<p><b><span data-contrast=\"auto\">UE-MERCOSUR (2025)<\/span><\/b><span data-ccp-props=\"{&quot;134233117&quot;:false,&quot;134233118&quot;:false,&quot;335551550&quot;:6,&quot;335551620&quot;:6,&quot;335559685&quot;:90,&quot;335559738&quot;:206,&quot;335559739&quot;:206}\">\u00a0<\/span><\/p><p><span data-contrast=\"auto\">Como analizamos en detalle en nuestro art\u00edculo anterior, <\/span><a href=\"https:\/\/tradeandtrail.net\/es\/acuerdo-ue-mercosur-geoestrategia-y-oportunidades\/\"><b><span data-contrast=\"auto\">\u00abAcuerdo UE-Mercosur: Geoestrategia y Oportunidades\u00bb<\/span><\/b><\/a><span data-contrast=\"auto\">, este tratado representa una <\/span><b><span data-contrast=\"auto\">oportunidad<\/span><\/b><span data-contrast=\"auto\"> estrat\u00e9gica para las <\/span><b><span data-contrast=\"auto\">PYMES<\/span><\/b><span data-contrast=\"auto\"> de ambos continentes. Aunque a\u00fan en proceso de ratificaci\u00f3n, el acuerdo promete eliminar aranceles para el <\/span><b><span data-contrast=\"auto\">91% de los productos<\/span><\/b><span data-contrast=\"auto\"> comercializados entre ambas regiones.<\/span><span data-ccp-props=\"{&quot;134233117&quot;:false,&quot;134233118&quot;:false,&quot;335551550&quot;:6,&quot;335551620&quot;:6,&quot;335559685&quot;:90,&quot;335559738&quot;:206,&quot;335559739&quot;:206}\">\u00a0<\/span><\/p><p><span data-contrast=\"auto\">Seg\u00fan datos de la <\/span><b><span data-contrast=\"auto\">Comisi\u00f3n Europea<\/span><\/b><span data-contrast=\"auto\">, se prev\u00e9 que las exportaciones de la UE a Mercosur <\/span><b><span data-contrast=\"auto\">aumenten en un 30%,<\/span><\/b><span data-contrast=\"auto\"> beneficiando especialmente a sectores como el agroalimentario, el textil y el de maquinaria. Para las <\/span><b><span data-contrast=\"auto\">PYMES<\/span><\/b><span data-contrast=\"auto\"> europeas, esto significa acceso a un mercado de m\u00e1s de <\/span><b><span data-contrast=\"auto\">260 millones de personas<\/span><\/b><span data-contrast=\"auto\">, con aranceles reducidos para productos como vinos, quesos y maquinaria industrial.<\/span><span data-ccp-props=\"{&quot;134233117&quot;:false,&quot;134233118&quot;:false,&quot;335551550&quot;:6,&quot;335551620&quot;:6,&quot;335559685&quot;:90,&quot;335559738&quot;:206,&quot;335559739&quot;:206}\">\u00a0<\/span><\/p>\t\t\t\t\t\t\t\t<\/div>\n\t\t\t\t<\/div>\n\t\t\t\t<\/div>\n\t\t<div class=\"elementor-element elementor-element-97f38d7 e-con-full e-flex e-con e-child\" data-id=\"97f38d7\" data-element_type=\"container\" data-e-type=\"container\">\n\t\t\t\t<div class=\"elementor-element elementor-element-3cddd2a elementor-widget elementor-widget-image\" data-id=\"3cddd2a\" data-element_type=\"widget\" data-e-type=\"widget\" data-widget_type=\"image.default\">\n\t\t\t\t<div class=\"elementor-widget-container\">\n\t\t\t\t\t\t\t\t\t\t\t\t\t\t\t<img decoding=\"async\" width=\"558\" height=\"360\" src=\"https:\/\/tradeandtrail.net\/wp-content\/uploads\/2025\/02\/Impacto-UE-MERCOSUR.png\" class=\"attachment-large size-large wp-image-3270\" alt=\"\" srcset=\"https:\/\/tradeandtrail.net\/wp-content\/uploads\/2025\/02\/Impacto-UE-MERCOSUR.png 558w, https:\/\/tradeandtrail.net\/wp-content\/uploads\/2025\/02\/Impacto-UE-MERCOSUR-300x194.png 300w, https:\/\/tradeandtrail.net\/wp-content\/uploads\/2025\/02\/Impacto-UE-MERCOSUR-18x12.png 18w\" sizes=\"(max-width: 558px) 100vw, 558px\" \/>\t\t\t\t\t\t\t\t\t\t\t\t\t\t\t<\/div>\n\t\t\t\t<\/div>\n\t\t\t\t<\/div>\n\t\t\t\t\t<\/div>\n\t\t\t\t<\/div>\n\t\t<div class=\"elementor-element elementor-element-88ef9d9 e-flex e-con-boxed e-con e-parent\" data-id=\"88ef9d9\" data-element_type=\"container\" data-e-type=\"container\">\n\t\t\t\t\t<div class=\"e-con-inner\">\n\t\t\t\t<div class=\"elementor-element elementor-element-1c6375a elementor-widget elementor-widget-text-editor\" data-id=\"1c6375a\" data-element_type=\"widget\" data-e-type=\"widget\" data-widget_type=\"text-editor.default\">\n\t\t\t\t<div class=\"elementor-widget-container\">\n\t\t\t\t\t\t\t\t\t<p><b><span data-contrast=\"auto\">UE-M\u00e9xico (2000 y renovado en 2025)<\/span><\/b><span data-ccp-props=\"{&quot;134233117&quot;:false,&quot;134233118&quot;:false,&quot;335551550&quot;:6,&quot;335551620&quot;:6,&quot;335559685&quot;:90,&quot;335559738&quot;:206,&quot;335559739&quot;:206}\">\u00a0<\/span><\/p><p><span data-contrast=\"auto\">El Acuerdo Global entre la UE y M\u00e9xico, en vigor desde 2000, <\/span><b><span data-contrast=\"auto\">ha eliminado el 95% de los aranceles<\/span><\/b><span data-contrast=\"auto\">, beneficiando principalmente a los productos agr\u00edcolas. Desde la firma del acuerdo, las exportaciones europeas a M\u00e9xico han crecido un 35%, lo que ha fortalecido las relaciones comerciales y ha facilitado el acceso a uno de los mercados m\u00e1s grandes de Am\u00e9rica Latina.<\/span><span data-ccp-props=\"{&quot;134233117&quot;:false,&quot;134233118&quot;:false,&quot;335551550&quot;:6,&quot;335551620&quot;:6,&quot;335559685&quot;:90,&quot;335559738&quot;:206,&quot;335559739&quot;:206}\">\u00a0<\/span><\/p><p><b><span data-contrast=\"auto\">UE-Nueva Zelanda (2024)<\/span><\/b><span data-ccp-props=\"{&quot;134233117&quot;:false,&quot;134233118&quot;:false,&quot;335551550&quot;:6,&quot;335551620&quot;:6,&quot;335559685&quot;:90,&quot;335559738&quot;:206,&quot;335559739&quot;:206}\">\u00a0<\/span><\/p><p><span data-contrast=\"auto\">El acuerdo de libre comercio entre la UE y Nueva Zelanda, que entr\u00f3 en vigor en 2024, <\/span><b><span data-contrast=\"auto\">eliminar\u00e1 el 98% de los aranceles<\/span><\/b><span data-contrast=\"auto\">, beneficiando a sectores como productos l\u00e1cteos, vino y carne. Se prev\u00e9 que las exportaciones europeas a Nueva Zelanda aumenten en un 30%, lo que representa una oportunidad significativa para las empresas europeas en este mercado.<\/span><span data-ccp-props=\"{&quot;134233117&quot;:false,&quot;134233118&quot;:false,&quot;335551550&quot;:6,&quot;335551620&quot;:6,&quot;335559685&quot;:90,&quot;335559738&quot;:206,&quot;335559739&quot;:206}\">\u00a0<\/span><\/p><p><b><span data-contrast=\"auto\">UE-Chile (2003 y renovado en 2023)<\/span><\/b><span data-ccp-props=\"{&quot;134233117&quot;:false,&quot;134233118&quot;:false,&quot;335551550&quot;:6,&quot;335551620&quot;:6,&quot;335559685&quot;:90,&quot;335559738&quot;:206,&quot;335559739&quot;:206}\">\u00a0<\/span><\/p><p><span data-contrast=\"auto\">El Acuerdo de Asociaci\u00f3n entre la UE y Chile, en vigor desde 2003, <\/span><b><span data-contrast=\"auto\">ha eliminado el 99% de los aranceles<\/span><\/b><span data-contrast=\"auto\">, beneficiando a sectores como servicios digitales y productos agr\u00edcolas. Desde la firma del acuerdo, las exportaciones europeas a Chile han crecido un 70%, lo que ha promovido una mayor cooperaci\u00f3n econ\u00f3mica y ha facilitado el acceso a uno de los mercados m\u00e1s estables de Am\u00e9rica Latina.<\/span><span data-ccp-props=\"{&quot;134233117&quot;:false,&quot;134233118&quot;:false,&quot;335551550&quot;:6,&quot;335551620&quot;:6,&quot;335559685&quot;:90,&quot;335559738&quot;:206,&quot;335559739&quot;:206}\">\u00a0<\/span><\/p><p><b><span data-contrast=\"auto\">UE-Vietnam (2020)<\/span><\/b><span data-ccp-props=\"{&quot;134233117&quot;:false,&quot;134233118&quot;:false,&quot;335551550&quot;:6,&quot;335551620&quot;:6,&quot;335559685&quot;:90,&quot;335559738&quot;:206,&quot;335559739&quot;:206}\">\u00a0<\/span><\/p><p><span data-contrast=\"auto\">El Acuerdo de Libre Comercio entre la UE y Vietnam, que entr\u00f3 en vigor en 2020, <\/span><b><span data-contrast=\"auto\">ha eliminado el 65% de los aranceles<\/span><\/b><span data-contrast=\"auto\">, beneficiando a sectores como farmac\u00e9uticos y maquinaria. Desde la firma del acuerdo, las exportaciones europeas a Vietnam han crecido un 50%, lo que ha permitido a las empresas europeas acceder a uno de los mercados de m\u00e1s r\u00e1pido crecimiento en el sudeste asi\u00e1tico.<\/span><span data-ccp-props=\"{&quot;134233117&quot;:false,&quot;134233118&quot;:false,&quot;335551550&quot;:6,&quot;335551620&quot;:6,&quot;335559685&quot;:90,&quot;335559738&quot;:206,&quot;335559739&quot;:206}\">\u00a0<\/span><\/p><p><b><span data-contrast=\"auto\">UE-Jap\u00f3n (2019)<\/span><\/b><span data-ccp-props=\"{&quot;134233117&quot;:false,&quot;134233118&quot;:false,&quot;335551550&quot;:6,&quot;335551620&quot;:6,&quot;335559685&quot;:90,&quot;335559738&quot;:206,&quot;335559739&quot;:206}\">\u00a0<\/span><\/p><p><span data-contrast=\"auto\">El Acuerdo de Asociaci\u00f3n Econ\u00f3mica entre la UE y Jap\u00f3n, que entr\u00f3 en vigor en 2019, <\/span><b><span data-contrast=\"auto\">ha eliminado el 90% de los aranceles<\/span><\/b><span data-contrast=\"auto\">, beneficiando a sectores como la agricultura y la industria. Desde la firma del acuerdo, las exportaciones europeas a Jap\u00f3n han crecido un 60%, lo que ha fortalecido las relaciones comerciales y ha facilitado el acceso a uno de los mercados m\u00e1s grandes del mundo.<\/span><span data-ccp-props=\"{&quot;134233117&quot;:false,&quot;134233118&quot;:false,&quot;335551550&quot;:6,&quot;335551620&quot;:6,&quot;335559685&quot;:90,&quot;335559738&quot;:206,&quot;335559739&quot;:206}\">\u00a0<\/span><\/p><p><b><span data-contrast=\"auto\">UE-Singapur (2019)<\/span><\/b><span data-ccp-props=\"{&quot;134233117&quot;:false,&quot;134233118&quot;:false,&quot;335551550&quot;:6,&quot;335551620&quot;:6,&quot;335559685&quot;:90,&quot;335559738&quot;:206,&quot;335559739&quot;:206}\">\u00a0<\/span><\/p><p><span data-contrast=\"auto\">El acuerdo de libre comercio entre la UE y Singapur, en vigor desde 2019, <\/span><b><span data-contrast=\"auto\">ha eliminado el 65% de los aranceles<\/span><\/b><span data-contrast=\"auto\">, beneficiando principalmente a los sectores de servicios y alta tecnolog\u00eda. Desde la firma del acuerdo, las exportaciones europeas a Singapur han crecido un 50%, lo que ha promovido una mayor cooperaci\u00f3n econ\u00f3mica y ha facilitado el acceso a uno de los principales centros financieros y tecnol\u00f3gicos de Asia.<\/span><span data-ccp-props=\"{&quot;134233117&quot;:false,&quot;134233118&quot;:false,&quot;335551550&quot;:6,&quot;335551620&quot;:6,&quot;335559685&quot;:90,&quot;335559738&quot;:206,&quot;335559739&quot;:206}\">\u00a0<\/span><\/p><p><b><span data-contrast=\"auto\">UE-Canad\u00e1 (2017)<\/span><\/b><span data-ccp-props=\"{&quot;134233117&quot;:false,&quot;134233118&quot;:false,&quot;335551550&quot;:6,&quot;335551620&quot;:6,&quot;335559685&quot;:90,&quot;335559738&quot;:206,&quot;335559739&quot;:206}\">\u00a0<\/span><\/p><p><span data-contrast=\"auto\">El Acuerdo Econ\u00f3mico y Comercial Global (CETA) entre la UE y Canad\u00e1, en vigor desde 2017, ha permitido la r<\/span><b><span data-contrast=\"auto\">educci\u00f3n del 98% de los aranceles<\/span><\/b><span data-contrast=\"auto\">. Este acuerdo ha beneficiado especialmente a los sectores de agroindustria y maquinaria. Desde su firma, las exportaciones europeas a Canad\u00e1 han crecido un 60%, demostrando el impacto positivo de la liberalizaci\u00f3n del comercio en las relaciones econ\u00f3micas entre la UE y Canad\u00e1.<\/span><span data-ccp-props=\"{&quot;134233117&quot;:false,&quot;134233118&quot;:false,&quot;335551550&quot;:6,&quot;335551620&quot;:6,&quot;335559685&quot;:90,&quot;335559738&quot;:206,&quot;335559739&quot;:206}\">\u00a0<\/span><\/p><p><b><span data-contrast=\"auto\">UE-Corea del Sur (2015)<\/span><\/b><span data-ccp-props=\"{&quot;134233117&quot;:false,&quot;134233118&quot;:false,&quot;335551550&quot;:6,&quot;335551620&quot;:6,&quot;335559685&quot;:90,&quot;335559738&quot;:206,&quot;335559739&quot;:206}\">\u00a0<\/span><\/p><p><span data-contrast=\"auto\">El acuerdo de libre comercio entre la UE y Corea del Sur ha sido uno de los m\u00e1s exitosos. Desde su entrada en vigor en 2015, ha permitido la e<\/span><b><span data-contrast=\"auto\">liminaci\u00f3n del 98% de los aranceles<\/span><\/b><span data-contrast=\"auto\">, beneficiando principalmente a los sectores de autom\u00f3viles, maquinaria y productos qu\u00edmicos. Gracias a este acuerdo, las exportaciones europeas a Corea del Sur han crecido un 80%, lo que ha fortalecido significativamente las relaciones comerciales entre ambas regiones.<\/span><span data-ccp-props=\"{&quot;134233117&quot;:false,&quot;134233118&quot;:false,&quot;335551550&quot;:6,&quot;335551620&quot;:6,&quot;335559685&quot;:90,&quot;335559738&quot;:206,&quot;335559739&quot;:206}\">\u00a0<\/span><\/p>\t\t\t\t\t\t\t\t<\/div>\n\t\t\t\t<\/div>\n\t\t\t\t\t<\/div>\n\t\t\t\t<\/div>\n\t\t<div class=\"elementor-element elementor-element-9a1dd0a e-flex e-con-boxed e-con e-parent\" data-id=\"9a1dd0a\" data-element_type=\"container\" data-e-type=\"container\">\n\t\t\t\t\t<div class=\"e-con-inner\">\n\t\t\t\t<div class=\"elementor-element elementor-element-18a0c3f elementor-widget elementor-widget-image\" data-id=\"18a0c3f\" data-element_type=\"widget\" data-e-type=\"widget\" data-widget_type=\"image.default\">\n\t\t\t\t<div class=\"elementor-widget-container\">\n\t\t\t\t\t\t\t\t\t\t\t\t\t\t\t<img loading=\"lazy\" decoding=\"async\" width=\"700\" height=\"650\" src=\"https:\/\/tradeandtrail.net\/wp-content\/uploads\/2025\/02\/Cuadro-ALC-UE-700x650.png\" class=\"attachment-qi_addons_for_elementor_image_size_landscape size-qi_addons_for_elementor_image_size_landscape wp-image-3271\" alt=\"\" srcset=\"https:\/\/tradeandtrail.net\/wp-content\/uploads\/2025\/02\/Cuadro-ALC-UE-700x650.png 700w, https:\/\/tradeandtrail.net\/wp-content\/uploads\/2025\/02\/Cuadro-ALC-UE-13x12.png 13w\" sizes=\"(max-width: 700px) 100vw, 700px\" \/>\t\t\t\t\t\t\t\t\t\t\t\t\t\t\t<\/div>\n\t\t\t\t<\/div>\n\t\t\t\t\t<\/div>\n\t\t\t\t<\/div>\n\t\t<div class=\"elementor-element elementor-element-81ff6ce e-flex e-con-boxed e-con e-parent\" data-id=\"81ff6ce\" data-element_type=\"container\" data-e-type=\"container\">\n\t\t\t\t\t<div class=\"e-con-inner\">\n\t\t\t\t<div class=\"elementor-element elementor-element-1fec1a1 elementor-widget elementor-widget-heading\" data-id=\"1fec1a1\" data-element_type=\"widget\" data-e-type=\"widget\" data-widget_type=\"heading.default\">\n\t\t\t\t<div class=\"elementor-widget-container\">\n\t\t\t\t\t<h2 class=\"elementor-heading-title elementor-size-default\">Beneficios y Desaf\u00edos para las PYMES europeas <\/h2>\t\t\t\t<\/div>\n\t\t\t\t<\/div>\n\t\t\t\t\t<\/div>\n\t\t\t\t<\/div>\n\t\t<div class=\"elementor-element elementor-element-96131bc e-flex e-con-boxed e-con e-parent\" data-id=\"96131bc\" data-element_type=\"container\" data-e-type=\"container\">\n\t\t\t\t\t<div class=\"e-con-inner\">\n\t\t\t\t<div class=\"elementor-element elementor-element-37b569b elementor-widget elementor-widget-text-editor\" data-id=\"37b569b\" data-element_type=\"widget\" data-e-type=\"widget\" data-widget_type=\"text-editor.default\">\n\t\t\t\t<div class=\"elementor-widget-container\">\n\t\t\t\t\t\t\t\t\t<p><span data-contrast=\"auto\">Estos acuerdos no solo reducen barreras arancelarias, sino que tambi\u00e9n abordan obst\u00e1culos no arancelarios, como las diferencias regulatorias, facilitando un entorno m\u00e1s favorable para las PYMES. Al aprovechar las oportunidades que brindan los Acuerdos de Libre Comercio, las PYMES pueden expandir sus operaciones, acceder a nuevos mercados y contribuir al crecimiento econ\u00f3mico tanto a nivel nacional como europeo.<\/span><span data-ccp-props=\"{&quot;134233117&quot;:false,&quot;134233118&quot;:false,&quot;335551550&quot;:6,&quot;335551620&quot;:6,&quot;335559738&quot;:240,&quot;335559739&quot;:240}\">\u00a0<\/span><\/p><p><span data-contrast=\"auto\">Podemos se\u00f1alar los siguientes beneficios claves que los Acuerdos de Libre Comercio proporcionan a las PYMES europeas:\u00a0<\/span><span data-ccp-props=\"{&quot;134233117&quot;:false,&quot;134233118&quot;:false,&quot;335551550&quot;:6,&quot;335551620&quot;:6,&quot;335559738&quot;:240,&quot;335559739&quot;:240}\">\u00a0<\/span><\/p><ul><li data-leveltext=\"\uf0b7\" data-font=\"Symbol\" data-listid=\"13\" data-list-defn-props=\"{&quot;335552541&quot;:1,&quot;335559685&quot;:720,&quot;335559991&quot;:360,&quot;469769226&quot;:&quot;Symbol&quot;,&quot;469769242&quot;:[8226],&quot;469777803&quot;:&quot;left&quot;,&quot;469777804&quot;:&quot;\uf0b7&quot;,&quot;469777815&quot;:&quot;hybridMultilevel&quot;}\" aria-setsize=\"-1\" data-aria-posinset=\"1\" data-aria-level=\"1\"><b><span data-contrast=\"auto\">Acceso a nuevos mercados:<\/span><\/b><span data-contrast=\"auto\"> Abren puertas a mercados internacionales, ampliando la base de clientes potenciales para las PYMES.<\/span><span data-ccp-props=\"{&quot;134233117&quot;:false,&quot;134233118&quot;:false,&quot;335551550&quot;:6,&quot;335551620&quot;:6,&quot;335559738&quot;:0,&quot;335559739&quot;:0}\">\u00a0<\/span><\/li><\/ul><ul><li data-leveltext=\"\uf0b7\" data-font=\"Symbol\" data-listid=\"13\" data-list-defn-props=\"{&quot;335552541&quot;:1,&quot;335559685&quot;:720,&quot;335559991&quot;:360,&quot;469769226&quot;:&quot;Symbol&quot;,&quot;469769242&quot;:[8226],&quot;469777803&quot;:&quot;left&quot;,&quot;469777804&quot;:&quot;\uf0b7&quot;,&quot;469777815&quot;:&quot;hybridMultilevel&quot;}\" aria-setsize=\"-1\" data-aria-posinset=\"2\" data-aria-level=\"1\"><b><span data-contrast=\"auto\">Reducci\u00f3n de costos:<\/span><\/b><span data-contrast=\"auto\"> La disminuci\u00f3n o eliminaci\u00f3n de aranceles reduce los costos de exportaci\u00f3n, haciendo que los productos sean m\u00e1s competitivos en el extranjero.<\/span><span data-ccp-props=\"{&quot;134233117&quot;:false,&quot;134233118&quot;:false,&quot;335551550&quot;:6,&quot;335551620&quot;:6,&quot;335559738&quot;:0,&quot;335559739&quot;:0}\">\u00a0<\/span><\/li><\/ul><ul><li data-leveltext=\"\uf0b7\" data-font=\"Symbol\" data-listid=\"13\" data-list-defn-props=\"{&quot;335552541&quot;:1,&quot;335559685&quot;:720,&quot;335559991&quot;:360,&quot;469769226&quot;:&quot;Symbol&quot;,&quot;469769242&quot;:[8226],&quot;469777803&quot;:&quot;left&quot;,&quot;469777804&quot;:&quot;\uf0b7&quot;,&quot;469777815&quot;:&quot;hybridMultilevel&quot;}\" aria-setsize=\"-1\" data-aria-posinset=\"3\" data-aria-level=\"1\"><b><span data-contrast=\"auto\">Simplificaci\u00f3n de tr\u00e1mites:<\/span><\/b><span data-contrast=\"auto\"> Los acuerdos suelen incluir medidas para agilizar los procedimientos aduaneros, reduciendo el tiempo y los costos asociados a la exportaci\u00f3n.<\/span><span data-ccp-props=\"{&quot;134233117&quot;:false,&quot;134233118&quot;:false,&quot;335551550&quot;:6,&quot;335551620&quot;:6,&quot;335559738&quot;:0,&quot;335559739&quot;:0}\">\u00a0<\/span><\/li><\/ul><ul><li data-leveltext=\"\uf0b7\" data-font=\"Symbol\" data-listid=\"13\" data-list-defn-props=\"{&quot;335552541&quot;:1,&quot;335559685&quot;:720,&quot;335559991&quot;:360,&quot;469769226&quot;:&quot;Symbol&quot;,&quot;469769242&quot;:[8226],&quot;469777803&quot;:&quot;left&quot;,&quot;469777804&quot;:&quot;\uf0b7&quot;,&quot;469777815&quot;:&quot;hybridMultilevel&quot;}\" aria-setsize=\"-1\" data-aria-posinset=\"4\" data-aria-level=\"1\"><b><span data-contrast=\"auto\">Protecci\u00f3n de la propiedad intelectual:<\/span><\/b><span data-contrast=\"auto\"> Los acuerdos incorporan disposiciones que salvaguardan las innovaciones y marcas de las empresas, brindando seguridad jur\u00eddica en mercados externos.<\/span><span data-ccp-props=\"{&quot;134233117&quot;:false,&quot;134233118&quot;:false,&quot;335551550&quot;:6,&quot;335551620&quot;:6,&quot;335559738&quot;:0,&quot;335559739&quot;:0}\">\u00a0<\/span><\/li><\/ul><ul><li data-leveltext=\"\uf0b7\" data-font=\"Symbol\" data-listid=\"13\" data-list-defn-props=\"{&quot;335552541&quot;:1,&quot;335559685&quot;:720,&quot;335559991&quot;:360,&quot;469769226&quot;:&quot;Symbol&quot;,&quot;469769242&quot;:[8226],&quot;469777803&quot;:&quot;left&quot;,&quot;469777804&quot;:&quot;\uf0b7&quot;,&quot;469777815&quot;:&quot;hybridMultilevel&quot;}\" aria-setsize=\"-1\" data-aria-posinset=\"5\" data-aria-level=\"1\"><b><span data-contrast=\"auto\">Fomento de la competitividad e innovaci\u00f3n:<\/span><\/b><span data-contrast=\"auto\"> La exposici\u00f3n a nuevos mercados y la competencia internacional incentivan a las PYMES a innovar y mejorar sus procesos.<\/span><span data-ccp-props=\"{&quot;134233117&quot;:false,&quot;134233118&quot;:false,&quot;335551550&quot;:6,&quot;335551620&quot;:6,&quot;335559738&quot;:0,&quot;335559739&quot;:0}\">\u00a0<\/span><\/li><\/ul><p><span data-contrast=\"auto\">No obstante, a pesar de las <\/span><b><span data-contrast=\"auto\">oportunidades<\/span><\/b><span data-contrast=\"auto\"> que ofrecen los <\/span><b><span data-contrast=\"auto\">acuerdos de libre comercio<\/span><\/b><span data-contrast=\"auto\">, las <\/span><b><span data-contrast=\"auto\">PYMES<\/span><\/b><span data-contrast=\"auto\"> a\u00fan enfrentan desaf\u00edos significativos.\u00a0<\/span><span data-ccp-props=\"{&quot;134233117&quot;:false,&quot;134233118&quot;:false,&quot;335551550&quot;:6,&quot;335551620&quot;:6,&quot;335559685&quot;:90,&quot;335559738&quot;:206,&quot;335559739&quot;:206}\">\u00a0<\/span><\/p><p><span data-contrast=\"auto\">Uno de los principales obst\u00e1culos es la falta de conocimiento sobre c\u00f3mo aprovechar estos tratados. Seg\u00fan un estudio del <\/span><b><span data-contrast=\"auto\">Banco Interamericano de Desarrollo (BID)<\/span><\/b><span data-contrast=\"auto\">, solo el <\/span><b><span data-contrast=\"auto\">30% de las PYMES<\/span><\/b><span data-contrast=\"auto\"> en est\u00e1n familiarizadas con los beneficios de los <\/span><b><span data-contrast=\"auto\">acuerdos comerciales<\/span><\/b><span data-contrast=\"auto\">. Para superar esta brecha, es fundamental que las empresas reciban capacitaci\u00f3n y asesoramiento especializado.<\/span><span data-ccp-props=\"{&quot;134233117&quot;:false,&quot;134233118&quot;:false,&quot;335551550&quot;:6,&quot;335551620&quot;:6,&quot;335559685&quot;:90,&quot;335559738&quot;:206,&quot;335559739&quot;:206}\">\u00a0<\/span><\/p><p><span data-contrast=\"auto\">Otro desaf\u00edo es el acceso a financiaci\u00f3n. Las <\/span><b><span data-contrast=\"auto\">PYMES<\/span><\/b><span data-contrast=\"auto\"> a menudo tienen dificultades para obtener cr\u00e9ditos que les permitan cubrir los costos iniciales de la exportaci\u00f3n, como la certificaci\u00f3n de productos o la adaptaci\u00f3n a normas t\u00e9cnicas. Aqu\u00ed, los gobiernos y las instituciones financieras pueden jugar un papel clave, ofreciendo programas de apoyo y l\u00edneas de cr\u00e9dito espec\u00edficas para la internacionalizaci\u00f3n.<\/span><span data-ccp-props=\"{&quot;134233117&quot;:false,&quot;134233118&quot;:false,&quot;335551550&quot;:6,&quot;335551620&quot;:6,&quot;335559685&quot;:90,&quot;335559738&quot;:206,&quot;335559739&quot;:206}\">\u00a0<\/span><\/p><p><span data-contrast=\"auto\">Por tanto, para que las PYMES puedan beneficiarse de estos tratados, es esencial que cuenten con informaci\u00f3n adecuada y asesoramiento especializado. Existen diversas instituciones y plataformas que pueden ayudar en este proceso:<\/span><span data-ccp-props=\"{&quot;134233117&quot;:false,&quot;134233118&quot;:false,&quot;335551550&quot;:1,&quot;335551620&quot;:1,&quot;335559685&quot;:90,&quot;335559738&quot;:206,&quot;335559739&quot;:206}\">\u00a0<\/span><\/p><ul><li data-leveltext=\"\uf0b7\" data-font=\"Symbol\" data-listid=\"11\" data-list-defn-props=\"{&quot;335552541&quot;:1,&quot;335559685&quot;:720,&quot;335559991&quot;:360,&quot;469769226&quot;:&quot;Symbol&quot;,&quot;469769242&quot;:[8226],&quot;469777803&quot;:&quot;left&quot;,&quot;469777804&quot;:&quot;\uf0b7&quot;,&quot;469777815&quot;:&quot;hybridMultilevel&quot;}\" aria-setsize=\"-1\" data-aria-posinset=\"1\" data-aria-level=\"1\"><a href=\"https:\/\/comercio.gob.es\/PoliticaComercialUE\/AcuerdosComerciales\/Paginas\/acuerdos.aspx\"><b><span data-contrast=\"auto\">Portal sobre los Acuerdos de Libre Comercio de la UE. Secretaria de Estado de Comercio de Espa\u00f1a.<\/span><\/b><\/a> <span data-contrast=\"auto\">Proporciona informaci\u00f3n actualizada sobre los Acuerdos de Libre Comercio firmados por la UE y sobre los que actualmente se est\u00e1n negociando. <\/span><span data-ccp-props=\"{&quot;134233117&quot;:false,&quot;134233118&quot;:false,&quot;335551550&quot;:1,&quot;335551620&quot;:1,&quot;335559685&quot;:360,&quot;335559738&quot;:210,&quot;335559739&quot;:210}\">\u00a0<\/span><\/li><\/ul><ul><li data-leveltext=\"\uf0b7\" data-font=\"Symbol\" data-listid=\"11\" data-list-defn-props=\"{&quot;335552541&quot;:1,&quot;335559685&quot;:720,&quot;335559991&quot;:360,&quot;469769226&quot;:&quot;Symbol&quot;,&quot;469769242&quot;:[8226],&quot;469777803&quot;:&quot;left&quot;,&quot;469777804&quot;:&quot;\uf0b7&quot;,&quot;469777815&quot;:&quot;hybridMultilevel&quot;}\" aria-setsize=\"-1\" data-aria-posinset=\"2\" data-aria-level=\"1\"><b><span data-contrast=\"auto\"><a href=\"https:\/\/trade.ec.europa.eu\/access-to-markets\/es\/home\">Portal de Acceso a Mercados de la UE<\/a>. <\/span><\/b><span data-contrast=\"auto\">\u00a0Proporciona informaci\u00f3n detallada sobre requisitos de exportaci\u00f3n e importaci\u00f3n.<\/span><span data-ccp-props=\"{&quot;134233117&quot;:false,&quot;134233118&quot;:false,&quot;335551550&quot;:1,&quot;335551620&quot;:1,&quot;335559685&quot;:360,&quot;335559738&quot;:210,&quot;335559739&quot;:210}\">\u00a0<\/span><\/li><\/ul><ul><li data-leveltext=\"\uf0b7\" data-font=\"Symbol\" data-listid=\"11\" data-list-defn-props=\"{&quot;335552541&quot;:1,&quot;335559685&quot;:720,&quot;335559991&quot;:360,&quot;469769226&quot;:&quot;Symbol&quot;,&quot;469769242&quot;:[8226],&quot;469777803&quot;:&quot;left&quot;,&quot;469777804&quot;:&quot;\uf0b7&quot;,&quot;469777815&quot;:&quot;hybridMultilevel&quot;}\" aria-setsize=\"-1\" data-aria-posinset=\"3\" data-aria-level=\"1\"><b><span data-contrast=\"auto\"><a href=\"https:\/\/barrerascomerciales.comercio.gob.es\/es-es\/Paginas\/index.aspx\">Portal de Barreras Comerciales de la Secretar\u00eda de Estados de Comercio de Espa\u00f1a<\/a>.\u00a0<\/span><\/b><\/li><\/ul><p><span data-contrast=\"auto\">\u00a0Ofrece informaci\u00f3n sobre las barreras comerciales (arancelarias y no arancelarias) existentes en todos los mercados del mundo.\u00a0\u00a0<\/span><span data-ccp-props=\"{&quot;134233117&quot;:false,&quot;134233118&quot;:false,&quot;335551550&quot;:1,&quot;335551620&quot;:1,&quot;335559685&quot;:360,&quot;335559738&quot;:210,&quot;335559739&quot;:210}\">\u00a0<\/span><\/p><ul><li data-leveltext=\"\uf0b7\" data-font=\"Symbol\" data-listid=\"11\" data-list-defn-props=\"{&quot;335552541&quot;:1,&quot;335559685&quot;:720,&quot;335559991&quot;:360,&quot;469769226&quot;:&quot;Symbol&quot;,&quot;469769242&quot;:[8226],&quot;469777803&quot;:&quot;left&quot;,&quot;469777804&quot;:&quot;\uf0b7&quot;,&quot;469777815&quot;:&quot;hybridMultilevel&quot;}\" aria-setsize=\"-1\" data-aria-posinset=\"4\" data-aria-level=\"1\"><b><span data-contrast=\"auto\">C\u00e1maras de Comercio<\/span><\/b><span data-contrast=\"auto\">: Ofrecen asesor\u00eda sobre log\u00edstica internacional y financiaci\u00f3n para PYMES.<\/span><span data-ccp-props=\"{&quot;134233117&quot;:false,&quot;134233118&quot;:false,&quot;335551550&quot;:1,&quot;335551620&quot;:1,&quot;335559685&quot;:360,&quot;335559738&quot;:210,&quot;335559739&quot;:210}\">\u00a0<\/span><\/li><\/ul><ul><li data-leveltext=\"\uf0b7\" data-font=\"Symbol\" data-listid=\"11\" data-list-defn-props=\"{&quot;335552541&quot;:1,&quot;335559685&quot;:720,&quot;335559991&quot;:360,&quot;469769226&quot;:&quot;Symbol&quot;,&quot;469769242&quot;:[8226],&quot;469777803&quot;:&quot;left&quot;,&quot;469777804&quot;:&quot;\uf0b7&quot;,&quot;469777815&quot;:&quot;hybridMultilevel&quot;}\" aria-setsize=\"-1\" data-aria-posinset=\"5\" data-aria-level=\"1\"><b><span data-contrast=\"auto\">Bancos e Instituciones Financieras<\/span><\/b><span data-contrast=\"auto\">: Ofrecen l\u00edneas de cr\u00e9dito especiales para exportadores.<\/span><span data-ccp-props=\"{&quot;134233117&quot;:false,&quot;134233118&quot;:false,&quot;335551550&quot;:1,&quot;335551620&quot;:1,&quot;335559685&quot;:360,&quot;335559738&quot;:210,&quot;335559739&quot;:210}\">\u00a0<\/span><\/li><\/ul><p aria-level=\"3\"><span data-ccp-props=\"{&quot;134233117&quot;:false,&quot;134233118&quot;:false,&quot;134245418&quot;:true,&quot;134245529&quot;:true,&quot;335551550&quot;:6,&quot;335551620&quot;:6,&quot;335559685&quot;:90,&quot;335559738&quot;:206,&quot;335559739&quot;:206}\">\u00a0<\/span><\/p>\t\t\t\t\t\t\t\t<\/div>\n\t\t\t\t<\/div>\n\t\t\t\t\t<\/div>\n\t\t\t\t<\/div>\n\t\t<div class=\"elementor-element elementor-element-ef554c5 e-flex e-con-boxed e-con e-parent\" data-id=\"ef554c5\" data-element_type=\"container\" data-e-type=\"container\">\n\t\t\t\t\t<div class=\"e-con-inner\">\n\t\t\t\t<div class=\"elementor-element elementor-element-98c6859 elementor-widget elementor-widget-heading\" data-id=\"98c6859\" data-element_type=\"widget\" data-e-type=\"widget\" data-widget_type=\"heading.default\">\n\t\t\t\t<div class=\"elementor-widget-container\">\n\t\t\t\t\t<h2 class=\"elementor-heading-title elementor-size-default\">Conclusiones <\/h2>\t\t\t\t<\/div>\n\t\t\t\t<\/div>\n\t\t\t\t\t<\/div>\n\t\t\t\t<\/div>\n\t\t<div class=\"elementor-element elementor-element-16c43ee e-flex e-con-boxed e-con e-parent\" data-id=\"16c43ee\" data-element_type=\"container\" data-e-type=\"container\">\n\t\t\t\t\t<div class=\"e-con-inner\">\n\t\t\t\t<div class=\"elementor-element elementor-element-338889e elementor-widget elementor-widget-text-editor\" data-id=\"338889e\" data-element_type=\"widget\" data-e-type=\"widget\" data-widget_type=\"text-editor.default\">\n\t\t\t\t<div class=\"elementor-widget-container\">\n\t\t\t\t\t\t\t\t\t<p><span data-contrast=\"auto\">Los <\/span><b><span data-contrast=\"auto\">acuerdos de libre comercio<\/span><\/b><span data-contrast=\"auto\"> impulsados por la <\/span><b><span data-contrast=\"auto\">Uni\u00f3n Europea<\/span><\/b><span data-contrast=\"auto\"> est\u00e1n transformando el panorama del <\/span><b><span data-contrast=\"auto\">comercio internacional<\/span><\/b><span data-contrast=\"auto\"> para las <\/span><b><span data-contrast=\"auto\">PYMES exportadoras europeas<\/span><\/b><span data-contrast=\"auto\">. Estos tratados no solo eliminan barreras arancelarias, sino que tambi\u00e9n ofrecen herramientas y recursos para facilitar la expansi\u00f3n de las peque\u00f1as y medianas empresas en mercados extranjeros.\u00a0<\/span><span data-ccp-props=\"{&quot;134233117&quot;:false,&quot;134233118&quot;:false,&quot;335551550&quot;:6,&quot;335551620&quot;:6,&quot;335559685&quot;:90,&quot;335559738&quot;:206,&quot;335559739&quot;:206}\">\u00a0<\/span><\/p><p><span data-contrast=\"auto\">Sin embargo, para aprovechar al m\u00e1ximo estos beneficios, es esencial que las <\/span><b><span data-contrast=\"auto\">PYMES<\/span><\/b><span data-contrast=\"auto\"> reciban el apoyo necesario, desde capacitaci\u00f3n hasta financiaci\u00f3n. En un mundo donde el <\/span><b><span data-contrast=\"auto\">comercio internacional<\/span><\/b><span data-contrast=\"auto\"> sigue siendo un motor clave para el crecimiento econ\u00f3mico, los <\/span><b><span data-contrast=\"auto\">acuerdos de libre comercio<\/span><\/b><span data-contrast=\"auto\"> son una herramienta poderosa para nivelar el campo de juego. Para las <\/span><b><span data-contrast=\"auto\">PYMES<\/span><\/b><span data-contrast=\"auto\">, esto no solo significa acceso a nuevos mercados, sino tambi\u00e9n la posibilidad de crecer, innovar y competir en la escena global.<\/span><span data-ccp-props=\"{&quot;134233117&quot;:false,&quot;134233118&quot;:false,&quot;335551550&quot;:6,&quot;335551620&quot;:6,&quot;335559685&quot;:90,&quot;335559738&quot;:206,&quot;335559739&quot;:206}\">\u00a0<\/span><\/p><p><span data-contrast=\"auto\">En <\/span><b><span data-contrast=\"auto\">TRADE &amp; TRAIL<\/span><\/b><span data-contrast=\"auto\">, estamos comprometidos a acompa\u00f1arte en este viaje, brind\u00e1ndote la informaci\u00f3n y los recursos que necesitas para aprovechar al m\u00e1ximo estas <\/span><b><span data-contrast=\"auto\">oportunidades<\/span><\/b><span data-contrast=\"auto\">. Si te interesa profundizar en el tema del <\/span><b><span data-contrast=\"auto\">Acuerdo UE-Mercosur<\/span><\/b><span data-contrast=\"auto\">, no dudes en revisar nuestro an\u00e1lisis publicado el mes pasado: <\/span><a href=\"https:\/\/tradeandtrail.net\/es\/acuerdo-ue-mercosur-geoestrategia-y-oportunidades\/\"><b><span data-contrast=\"auto\">\u00abAcuerdo UE-Mercosur: Geoestrategia y Oportunidades\u00bb<\/span><\/b><\/a><span data-contrast=\"auto\">.<\/span><span data-ccp-props=\"{&quot;134233117&quot;:false,&quot;134233118&quot;:false,&quot;335551550&quot;:6,&quot;335551620&quot;:6,&quot;335559685&quot;:90,&quot;335559738&quot;:206,&quot;335559739&quot;:206}\">\u00a0<\/span><\/p><p style=\"text-align: center;\"><span style=\"color: #ff0000;\"><strong>Y recuerda&#8230;&#8230;.. HAY VIDA M\u00c1S ALL\u00c1 DE TURQU\u00cdA!!\u00a0<\/strong><\/span><\/p>\t\t\t\t\t\t\t\t<\/div>\n\t\t\t\t<\/div>\n\t\t\t\t\t<\/div>\n\t\t\t\t<\/div>\n\t\t\t\t<\/div>\n\t\t","protected":false},"excerpt":{"rendered":"<p>Como continuaci\u00f3n del blog publicado el mes pasado en nuestra secci\u00f3n de \u201cGeoestrategia Comercial\u201d, centrado en el Acuerdo UE-MERCOSUR , desarrollamos este nuevo art\u00edculo centrado en los beneficios que los Acuerdos de Libre Comercio (ALC) de la UE ofrecen a las PYMES exportadoras.\u00a0\u00a0 Debido al momento actual que estamos viviendo (febrero de 2025 y con&#8230;<\/p>\n","protected":false},"author":1,"featured_media":0,"comment_status":"closed","ping_status":"open","sticky":false,"template":"","format":"standard","meta":{"_uag_custom_page_level_css":"","_kad_post_transparent":"","_kad_post_title":"","_kad_post_layout":"","_kad_post_sidebar_id":"","_kad_post_content_style":"","_kad_post_vertical_padding":"","_kad_post_feature":"","_kad_post_feature_position":"","_kad_post_header":false,"_kad_post_footer":false,"_kad_post_classname":"","footnotes":""},"categories":[35,20],"tags":[],"class_list":["post-3263","post","type-post","status-publish","format-standard","hentry","category-articulos","category-comercio-internacional"],"uagb_featured_image_src":{"full":false,"thumbnail":false,"medium":false,"medium_large":false,"large":false,"1536x1536":false,"2048x2048":false,"trp-custom-language-flag":false,"qi_addons_for_elementor_image_size_square":false,"qi_addons_for_elementor_image_size_landscape":false,"qi_addons_for_elementor_image_size_portrait":false,"qi_addons_for_elementor_image_size_huge-square":false},"uagb_author_info":{"display_name":"Trade &amp; Trail","author_link":"https:\/\/tradeandtrail.net\/es\/author\/tradeandtrail74gmail-com\/"},"uagb_comment_info":0,"uagb_excerpt":"Como continuaci\u00f3n del blog publicado el mes pasado en nuestra secci\u00f3n de \u201cGeoestrategia Comercial\u201d, centrado en el Acuerdo UE-MERCOSUR , desarrollamos este nuevo art\u00edculo centrado en los beneficios que los Acuerdos de Libre Comercio (ALC) de la UE ofrecen a las PYMES exportadoras.\u00a0\u00a0 Debido al momento actual que estamos viviendo (febrero de 2025 y con...","rttpg_featured_image_url":null,"rttpg_author":{"display_name":"Trade &amp; Trail","author_link":"https:\/\/tradeandtrail.net\/es\/author\/tradeandtrail74gmail-com\/"},"rttpg_comment":0,"rttpg_category":"<a href=\"https:\/\/tradeandtrail.net\/es\/category\/comercio-internacional\/articulos\/\" rel=\"category tag\">Art\u00edculos<\/a> <a href=\"https:\/\/tradeandtrail.net\/es\/category\/comercio-internacional\/\" rel=\"category tag\">Comercio Internacional<\/a>","rttpg_excerpt":"Como continuaci\u00f3n del blog publicado el mes pasado en nuestra secci\u00f3n de \u201cGeoestrategia Comercial\u201d, centrado en el Acuerdo UE-MERCOSUR , desarrollamos este nuevo art\u00edculo centrado en los beneficios que los Acuerdos de Libre Comercio (ALC) de la UE ofrecen a las PYMES exportadoras.\u00a0\u00a0 Debido al momento actual que estamos viviendo (febrero de 2025 y con...","_links":{"self":[{"href":"https:\/\/tradeandtrail.net\/es\/wp-json\/wp\/v2\/posts\/3263","targetHints":{"allow":["GET"]}}],"collection":[{"href":"https:\/\/tradeandtrail.net\/es\/wp-json\/wp\/v2\/posts"}],"about":[{"href":"https:\/\/tradeandtrail.net\/es\/wp-json\/wp\/v2\/types\/post"}],"author":[{"embeddable":true,"href":"https:\/\/tradeandtrail.net\/es\/wp-json\/wp\/v2\/users\/1"}],"replies":[{"embeddable":true,"href":"https:\/\/tradeandtrail.net\/es\/wp-json\/wp\/v2\/comments?post=3263"}],"version-history":[{"count":16,"href":"https:\/\/tradeandtrail.net\/es\/wp-json\/wp\/v2\/posts\/3263\/revisions"}],"predecessor-version":[{"id":3283,"href":"https:\/\/tradeandtrail.net\/es\/wp-json\/wp\/v2\/posts\/3263\/revisions\/3283"}],"wp:attachment":[{"href":"https:\/\/tradeandtrail.net\/es\/wp-json\/wp\/v2\/media?parent=3263"}],"wp:term":[{"taxonomy":"category","embeddable":true,"href":"https:\/\/tradeandtrail.net\/es\/wp-json\/wp\/v2\/categories?post=3263"},{"taxonomy":"post_tag","embeddable":true,"href":"https:\/\/tradeandtrail.net\/es\/wp-json\/wp\/v2\/tags?post=3263"}],"curies":[{"name":"wp","href":"https:\/\/api.w.org\/{rel}","templated":true}]}}