{"id":3290,"date":"2025-03-03T23:30:55","date_gmt":"2025-03-03T23:30:55","guid":{"rendered":"https:\/\/tradeandtrail.net\/?p=3290"},"modified":"2025-10-12T14:26:37","modified_gmt":"2025-10-12T14:26:37","slug":"como-preparar-tu-cuerpo-para-un-trail-de-15-km-ejercicios-y-plan-de-entrenamiento-inicial","status":"publish","type":"post","link":"https:\/\/tradeandtrail.net\/es\/como-preparar-tu-cuerpo-para-un-trail-de-15-km-ejercicios-y-plan-de-entrenamiento-inicial\/","title":{"rendered":"C\u00f3mo Preparar tu Cuerpo para un Trail de 15 km: Ejercicios y Plan de Entrenamiento Inicial\u00a0"},"content":{"rendered":"\t\t<div data-elementor-type=\"wp-post\" data-elementor-id=\"3290\" class=\"elementor elementor-3290\">\n\t\t\t\t<div class=\"elementor-element elementor-element-655e90b e-flex e-con-boxed e-con e-parent\" data-id=\"655e90b\" data-element_type=\"container\" data-e-type=\"container\">\n\t\t\t\t\t<div class=\"e-con-inner\">\n\t\t\t\t<div class=\"elementor-element elementor-element-7db5238 elementor-widget elementor-widget-image\" data-id=\"7db5238\" data-element_type=\"widget\" data-e-type=\"widget\" data-widget_type=\"image.default\">\n\t\t\t\t<div class=\"elementor-widget-container\">\n\t\t\t\t\t\t\t\t\t\t\t\t\t\t\t<img fetchpriority=\"high\" decoding=\"async\" width=\"1024\" height=\"650\" src=\"https:\/\/tradeandtrail.net\/wp-content\/uploads\/2025\/03\/image-3-1024x650.png\" class=\"attachment-qi_addons_for_elementor_image_size_landscape size-qi_addons_for_elementor_image_size_landscape wp-image-3292\" alt=\"\" \/>\t\t\t\t\t\t\t\t\t\t\t\t\t\t\t<\/div>\n\t\t\t\t<\/div>\n\t\t\t\t\t<\/div>\n\t\t\t\t<\/div>\n\t\t<div class=\"elementor-element elementor-element-f0a3ee3 e-flex e-con-boxed e-con e-parent\" data-id=\"f0a3ee3\" data-element_type=\"container\" data-e-type=\"container\">\n\t\t\t\t\t<div class=\"e-con-inner\">\n\t\t\t\t<div class=\"elementor-element elementor-element-e799000 elementor-widget elementor-widget-text-editor\" data-id=\"e799000\" data-element_type=\"widget\" data-e-type=\"widget\" data-widget_type=\"text-editor.default\">\n\t\t\t\t<div class=\"elementor-widget-container\">\n\t\t\t\t\t\t\t\t\t<p><span data-contrast=\"none\">Como continuaci\u00f3n del anterior art\u00edculo en el que describ\u00edamos como comenzar en el trail running, este mes hemos querido centrar la publicaci\u00f3n mensual sobre trail running en un art\u00edculo centrado en c\u00f3mo comenzar a preparar las primeras carreras cortas en el mundo del trail. <\/span><span data-ccp-props=\"{&quot;134233117&quot;:false,&quot;134233118&quot;:false,&quot;335551550&quot;:6,&quot;335551620&quot;:6,&quot;335559738&quot;:0,&quot;335559739&quot;:0}\">\u00a0<\/span><\/p><p><span data-contrast=\"none\">Este art\u00edculo ofrece ejercicios de fuerza y resistencia, un plan de <\/span><b><span data-contrast=\"none\">entrenamiento<\/span><\/b><span data-contrast=\"none\"><strong> de 8 semanas para un trail de 15 km<\/strong>, y un <\/span><b><span data-contrast=\"none\">calendario de carreras<\/span><\/b><span data-contrast=\"none\"> en Espa\u00f1a, Francia y Suiza. Adem\u00e1s, proporciona <\/span><b><span data-contrast=\"none\">consejos<\/span><\/b><span data-contrast=\"none\"> pr\u00e1cticos para principiantes y destaca la importancia de adaptar el entrenamiento a cada corredor. \u00a1<\/span><\/p><p><span data-contrast=\"none\">Prep\u00e1rate para conquistar las monta\u00f1as! <\/span><b><span data-contrast=\"none\">#YoullNeverRunAlone<\/span><\/b><span data-ccp-props=\"{&quot;134233117&quot;:false,&quot;134233118&quot;:false,&quot;335551550&quot;:6,&quot;335551620&quot;:6,&quot;335559738&quot;:0,&quot;335559739&quot;:0}\">\u00a0<\/span><\/p>\t\t\t\t\t\t\t\t<\/div>\n\t\t\t\t<\/div>\n\t\t\t\t\t<\/div>\n\t\t\t\t<\/div>\n\t\t<div class=\"elementor-element elementor-element-b188d66 e-flex e-con-boxed e-con e-parent\" data-id=\"b188d66\" data-element_type=\"container\" data-e-type=\"container\">\n\t\t\t\t\t<div class=\"e-con-inner\">\n\t\t\t\t<div class=\"elementor-element elementor-element-43c172b elementor-widget elementor-widget-heading\" data-id=\"43c172b\" data-element_type=\"widget\" data-e-type=\"widget\" data-widget_type=\"heading.default\">\n\t\t\t\t<div class=\"elementor-widget-container\">\n\t\t\t\t\t<h2 class=\"elementor-heading-title elementor-size-default\">\u00bfPor qu\u00e9 el Trail Running es Diferente al Running en Asfalto? <\/h2>\t\t\t\t<\/div>\n\t\t\t\t<\/div>\n\t\t\t\t\t<\/div>\n\t\t\t\t<\/div>\n\t\t<div class=\"elementor-element elementor-element-8987096 e-flex e-con-boxed e-con e-parent\" data-id=\"8987096\" data-element_type=\"container\" data-e-type=\"container\">\n\t\t\t\t\t<div class=\"e-con-inner\">\n\t\t\t\t<div class=\"elementor-element elementor-element-1c9db3e elementor-widget elementor-widget-text-editor\" data-id=\"1c9db3e\" data-element_type=\"widget\" data-e-type=\"widget\" data-widget_type=\"text-editor.default\">\n\t\t\t\t<div class=\"elementor-widget-container\">\n\t\t\t\t\t\t\t\t\t<p><span data-contrast=\"none\">El <\/span>trail running<span data-contrast=\"none\"> es una disciplina que combina la pasi\u00f3n por correr con el amor por la naturaleza. A diferencia del running en asfalto, el <\/span>trail running<span data-contrast=\"none\"> implica enfrentarse a terrenos irregulares, desniveles pronunciados y condiciones clim\u00e1ticas variables. Si est\u00e1s pensando en participar en un trail de 15 km, es crucial preparar tu cuerpo adecuadamente para evitar lesiones y mejorar tu rendimiento. En este art\u00edculo, te guiar\u00e9 a trav\u00e9s de ejercicios clave de fuerza y resistencia, c\u00f3mo estructurar tus primeros <\/span>entrenamientos, y te proporcionar\u00e9 un plan de entrenamiento inicial para que puedas afrontar tu primera carrera de monta\u00f1a con confianza. Adem\u00e1s, te ofreceremos un calendario de carreras en Espa\u00f1a, Francia y Suiza, y te daremos consejos pr\u00e1cticos para que puedas disfrutar al m\u00e1ximo de esta experiencia.\u00a0<\/p><p><span data-contrast=\"none\">El <\/span>trail running presenta desaf\u00edos \u00fanicos que lo diferencian del running en asfalto. En primer lugar, los terrenos irregulares, como senderos rocosos, ra\u00edces y barro, requieren un mayor equilibrio y estabilidad. Adem\u00e1s, los desniveles pronunciados exigen una mayor fuerza en las piernas y una t\u00e9cnica de carrera adaptada. De hecho, seg\u00fan un estudio publicado en el <i>Journal of Sports Sciences<\/i><i>,<\/i> los corredores de trail running experimentan un 20-30% m\u00e1s de impacto en las articulaciones debido a los terrenos irregulares, lo que aumenta el riesgo de lesiones si no se est\u00e1 bien preparado.\u00a0<\/p><p><span data-contrast=\"none\">Otra gran diferencia es la variabilidad del ritmo. En el asfalto, es m\u00e1s f\u00e1cil mantener un ritmo constante, mientras que en el <\/span>trail running, el ritmo fluct\u00faa debido a los cambios de elevaci\u00f3n y las condiciones del terreno. Esto requiere una mayor resistencia cardiovascular y muscular. Tal es esta diferencia que en un estudio de la <em>Universidad de Loughborough (Reino Unido)<\/em> se llega a se\u00f1alar que\u00a0los corredores de trail running tienen una mayor capacidad aer\u00f3bica y anaer\u00f3bica en comparaci\u00f3n con los corredores de asfalto, debido a la naturaleza variada del terreno.\u00a0<\/p>\t\t\t\t\t\t\t\t<\/div>\n\t\t\t\t<\/div>\n\t\t\t\t\t<\/div>\n\t\t\t\t<\/div>\n\t\t<div class=\"elementor-element elementor-element-c8dddf7 e-flex e-con-boxed e-con e-parent\" data-id=\"c8dddf7\" data-element_type=\"container\" data-e-type=\"container\">\n\t\t\t\t\t<div class=\"e-con-inner\">\n\t\t\t\t<div class=\"elementor-element elementor-element-e9d6e8c elementor-widget elementor-widget-heading\" data-id=\"e9d6e8c\" data-element_type=\"widget\" data-e-type=\"widget\" data-widget_type=\"heading.default\">\n\t\t\t\t<div class=\"elementor-widget-container\">\n\t\t\t\t\t<h2 class=\"elementor-heading-title elementor-size-default\">Ejercicios Clave de Fuerza y Resistencia para Trail Running \n\n <\/h2>\t\t\t\t<\/div>\n\t\t\t\t<\/div>\n\t\t\t\t\t<\/div>\n\t\t\t\t<\/div>\n\t\t<div class=\"elementor-element elementor-element-32aa30e e-flex e-con-boxed e-con e-parent\" data-id=\"32aa30e\" data-element_type=\"container\" data-e-type=\"container\">\n\t\t\t\t\t<div class=\"e-con-inner\">\n\t\t\t\t<div class=\"elementor-element elementor-element-0a473c7 elementor-widget elementor-widget-text-editor\" data-id=\"0a473c7\" data-element_type=\"widget\" data-e-type=\"widget\" data-widget_type=\"text-editor.default\">\n\t\t\t\t<div class=\"elementor-widget-container\">\n\t\t\t\t\t\t\t\t\t<p><span data-contrast=\"none\">Para prepararte para un trail de 15 km, es esencial incorporar ejercicios de fuerza y resistencia en tu plan de <\/span>entrenamiento. Estos ejercicios no solo mejorar\u00e1n tu rendimiento, sino que tambi\u00e9n reducir\u00e1n el riesgo de lesiones. En posteriores art\u00edculos, profundizaremos en cada uno de estos ejercicios, ofreci\u00e9ndote consejos espec\u00edficos para maximizar sus beneficios.\u00a0<\/p><p><span data-contrast=\"none\">No obstante, es importante recordar que cada corredor es diferente, y lo que funciona para uno puede no funcionar para otro. Por eso, es crucial adaptar los ejercicios de fuerza y resistencia a tus caracter\u00edsticas f\u00edsicas y nivel de preparaci\u00f3n. Por lo que, a nivel general, estos consejos pueden funcionar de manera inicial pero a medida que progresar es recomendable acudir a profesionales para que te dise\u00f1en planes personalizados basados en tus necesidades.<\/span><span data-ccp-props=\"{&quot;134233117&quot;:false,&quot;134233118&quot;:false,&quot;335551550&quot;:6,&quot;335551620&quot;:6,&quot;335559738&quot;:0,&quot;335559739&quot;:0}\">\u00a0<\/span><\/p>\t\t\t\t\t\t\t\t<\/div>\n\t\t\t\t<\/div>\n\t\t\t\t\t<\/div>\n\t\t\t\t<\/div>\n\t\t<div class=\"elementor-element elementor-element-7dcf49f e-flex e-con-boxed e-con e-parent\" data-id=\"7dcf49f\" data-element_type=\"container\" data-e-type=\"container\">\n\t\t\t\t\t<div class=\"e-con-inner\">\n\t\t\t\t<div class=\"elementor-element elementor-element-d9dd3fc elementor-widget elementor-widget-heading\" data-id=\"d9dd3fc\" data-element_type=\"widget\" data-e-type=\"widget\" data-widget_type=\"heading.default\">\n\t\t\t\t<div class=\"elementor-widget-container\">\n\t\t\t\t\t<h2 class=\"elementor-heading-title elementor-size-default\">Ejercicios de Fuerza <\/h2>\t\t\t\t<\/div>\n\t\t\t\t<\/div>\n\t\t\t\t\t<\/div>\n\t\t\t\t<\/div>\n\t\t<div class=\"elementor-element elementor-element-aeae4ca e-flex e-con-boxed e-con e-parent\" data-id=\"aeae4ca\" data-element_type=\"container\" data-e-type=\"container\">\n\t\t\t\t\t<div class=\"e-con-inner\">\n\t\t<div class=\"elementor-element elementor-element-b5659bb e-con-full e-flex e-con e-child\" data-id=\"b5659bb\" data-element_type=\"container\" data-e-type=\"container\">\n\t\t\t\t<div class=\"elementor-element elementor-element-ab95208 elementor-widget elementor-widget-image\" data-id=\"ab95208\" data-element_type=\"widget\" data-e-type=\"widget\" data-widget_type=\"image.default\">\n\t\t\t\t<div class=\"elementor-widget-container\">\n\t\t\t\t\t\t\t\t\t\t\t\t\t\t\t<img decoding=\"async\" width=\"630\" height=\"614\" src=\"https:\/\/tradeandtrail.net\/wp-content\/uploads\/2025\/03\/image-4.png\" class=\"attachment-qi_addons_for_elementor_image_size_huge-square size-qi_addons_for_elementor_image_size_huge-square wp-image-3297\" alt=\"\" srcset=\"https:\/\/tradeandtrail.net\/wp-content\/uploads\/2025\/03\/image-4.png 630w, https:\/\/tradeandtrail.net\/wp-content\/uploads\/2025\/03\/image-4-300x292.png 300w, https:\/\/tradeandtrail.net\/wp-content\/uploads\/2025\/03\/image-4-12x12.png 12w\" sizes=\"(max-width: 630px) 100vw, 630px\" \/>\t\t\t\t\t\t\t\t\t\t\t\t\t\t\t<\/div>\n\t\t\t\t<\/div>\n\t\t\t\t<\/div>\n\t\t<div class=\"elementor-element elementor-element-8f8a352 e-con-full e-flex e-con e-child\" data-id=\"8f8a352\" data-element_type=\"container\" data-e-type=\"container\">\n\t\t\t\t<div class=\"elementor-element elementor-element-304cbe5 elementor-widget elementor-widget-text-editor\" data-id=\"304cbe5\" data-element_type=\"widget\" data-e-type=\"widget\" data-widget_type=\"text-editor.default\">\n\t\t\t\t<div class=\"elementor-widget-container\">\n\t\t\t\t\t\t\t\t\t<ul><li data-leveltext=\"%1.\" data-font=\"Segoe UI\" data-listid=\"9\" data-list-defn-props=\"{&quot;335552541&quot;:0,&quot;335559685&quot;:720,&quot;335559991&quot;:360,&quot;469769242&quot;:[65533,0],&quot;469777803&quot;:&quot;left&quot;,&quot;469777804&quot;:&quot;%1.&quot;,&quot;469777815&quot;:&quot;hybridMultilevel&quot;}\" aria-setsize=\"-1\" data-aria-posinset=\"1\" data-aria-level=\"1\"><b><span data-contrast=\"none\">Sentadillas<\/span><\/b><span data-contrast=\"none\">: Fortalecen los cu\u00e1driceps, gl\u00fateos y m\u00fasculos estabilizadores.\u00a0 Son fundamentales para mejorar la potencia en las piernas, lo que es crucial para enfrentar las subidas en el <\/span>trail running.\u00a0<\/li><\/ul><ul><li data-leveltext=\"%1.\" data-font=\"Segoe UI\" data-listid=\"9\" data-list-defn-props=\"{&quot;335552541&quot;:0,&quot;335559685&quot;:720,&quot;335559991&quot;:360,&quot;469769242&quot;:[65533,0],&quot;469777803&quot;:&quot;left&quot;,&quot;469777804&quot;:&quot;%1.&quot;,&quot;469777815&quot;:&quot;hybridMultilevel&quot;}\" aria-setsize=\"-1\" data-aria-posinset=\"2\" data-aria-level=\"1\"><b><span data-contrast=\"none\">Zancadas<\/span><\/b><span data-contrast=\"none\">: Mejoran el equilibrio y la fuerza en las piernas, a la vez que ayudan a prevenir lesiones en las rodillas. <\/span><span data-ccp-props=\"{&quot;134233117&quot;:false,&quot;134233118&quot;:false,&quot;335551550&quot;:6,&quot;335551620&quot;:6,&quot;335559738&quot;:240,&quot;335559739&quot;:240}\">\u00a0<\/span><\/li><\/ul><ul><li data-leveltext=\"%1.\" data-font=\"Segoe UI\" data-listid=\"9\" data-list-defn-props=\"{&quot;335552541&quot;:0,&quot;335559685&quot;:720,&quot;335559991&quot;:360,&quot;469769242&quot;:[65533,0],&quot;469777803&quot;:&quot;left&quot;,&quot;469777804&quot;:&quot;%1.&quot;,&quot;469777815&quot;:&quot;hybridMultilevel&quot;}\" aria-setsize=\"-1\" data-aria-posinset=\"3\" data-aria-level=\"1\"><b><span data-contrast=\"none\">Step-ups<\/span><\/b><span data-contrast=\"none\">: Simulan el movimiento de subir pendientes.\u00a0Este ejercicio es especialmente \u00fatil para fortalecer los m\u00fasculos utilizados en las subidas.<\/span><span data-ccp-props=\"{&quot;134233117&quot;:false,&quot;134233118&quot;:false,&quot;335551550&quot;:6,&quot;335551620&quot;:6,&quot;335559738&quot;:240,&quot;335559739&quot;:240}\">\u00a0<\/span><\/li><\/ul><ul><li data-leveltext=\"%1.\" data-font=\"Segoe UI\" data-listid=\"9\" data-list-defn-props=\"{&quot;335552541&quot;:0,&quot;335559685&quot;:720,&quot;335559991&quot;:360,&quot;469769242&quot;:[65533,0],&quot;469777803&quot;:&quot;left&quot;,&quot;469777804&quot;:&quot;%1.&quot;,&quot;469777815&quot;:&quot;hybridMultilevel&quot;}\" aria-setsize=\"-1\" data-aria-posinset=\"4\" data-aria-level=\"1\"><b><span data-contrast=\"none\">Plancha<\/span><\/b><span data-contrast=\"none\">: Fortalece el core,(abdominales), el cual es esencial para mantener una buena postura en terrenos irregulares. Un core fuerte mejora la estabilidad y reduce el riesgo de lesiones en la espalda baja.<\/span><\/li><\/ul>\t\t\t\t\t\t\t\t<\/div>\n\t\t\t\t<\/div>\n\t\t\t\t<\/div>\n\t\t\t\t\t<\/div>\n\t\t\t\t<\/div>\n\t\t<div class=\"elementor-element elementor-element-a56c767 e-flex e-con-boxed e-con e-parent\" data-id=\"a56c767\" data-element_type=\"container\" data-e-type=\"container\">\n\t\t\t\t\t<div class=\"e-con-inner\">\n\t\t\t\t<div class=\"elementor-element elementor-element-9d02b1a elementor-widget elementor-widget-heading\" data-id=\"9d02b1a\" data-element_type=\"widget\" data-e-type=\"widget\" data-widget_type=\"heading.default\">\n\t\t\t\t<div class=\"elementor-widget-container\">\n\t\t\t\t\t<h2 class=\"elementor-heading-title elementor-size-default\">Ejercicios de Resistencia <\/h2>\t\t\t\t<\/div>\n\t\t\t\t<\/div>\n\t\t\t\t\t<\/div>\n\t\t\t\t<\/div>\n\t\t<div class=\"elementor-element elementor-element-5bec08a e-flex e-con-boxed e-con e-parent\" data-id=\"5bec08a\" data-element_type=\"container\" data-e-type=\"container\">\n\t\t\t\t\t<div class=\"e-con-inner\">\n\t\t\t\t<div class=\"elementor-element elementor-element-3e76dcc elementor-widget elementor-widget-text-editor\" data-id=\"3e76dcc\" data-element_type=\"widget\" data-e-type=\"widget\" data-widget_type=\"text-editor.default\">\n\t\t\t\t<div class=\"elementor-widget-container\">\n\t\t\t\t\t\t\t\t\t<p><span data-contrast=\"none\">Asimismo, tambi\u00e9n se\u00f1alamos varios ejercicios de resistencia que <\/span><span data-contrast=\"auto\">de manera general cualquier iniciado en el trail running deber\u00eda realizar; aunque como hemos se\u00f1alado en fases posteriores estos ejercicios deber\u00edan ser personalizados y dise\u00f1ados por un profesional.<\/span><span data-ccp-props=\"{}\">\u00a0<\/span><\/p><ul><li><b><span data-contrast=\"none\">Carreras largas<\/span><\/b><span data-contrast=\"none\">: Realiza una carrera larga semanal, aumentando gradualmente la distancia hasta alcanzar los 12-14 km. Esto te ayudar\u00e1 a construir resistencia. Las carreras largas son esenciales para mejorar la capacidad aer\u00f3bica y la resistencia muscular.<\/span><span data-ccp-props=\"{&quot;134233117&quot;:false,&quot;134233118&quot;:false,&quot;335551550&quot;:6,&quot;335551620&quot;:6,&quot;335559738&quot;:240,&quot;335559739&quot;:240}\">\u00a0<\/span><\/li><li><b><span data-contrast=\"none\">Intervalos en cuestas<\/span><\/b><span data-contrast=\"none\">: Corre en pendientes de 200-400 metros a un ritmo intenso, seguido de un descenso suave para recuperar. Repite 4-6 veces. Este tipo de <\/span>entrenamiento mejora la capacidad anaer\u00f3bica y la fuerza en las piernas.\u00a0<\/li><li><b><span data-contrast=\"none\">Fartlek<\/span><\/b><span data-contrast=\"none\">: Alterna periodos de carrera r\u00e1pida y lenta durante 30-45 minutos. Este tipo de <\/span>entrenamiento mejora la capacidad aer\u00f3bica y anaer\u00f3bica. El fartlek es especialmente efectivo para mejorar la resistencia en terrenos variados.\u00a0<\/li><\/ul>\t\t\t\t\t\t\t\t<\/div>\n\t\t\t\t<\/div>\n\t\t\t\t\t<\/div>\n\t\t\t\t<\/div>\n\t\t<div class=\"elementor-element elementor-element-743bad1 e-flex e-con-boxed e-con e-parent\" data-id=\"743bad1\" data-element_type=\"container\" data-e-type=\"container\">\n\t\t\t\t\t<div class=\"e-con-inner\">\n\t\t\t\t<div class=\"elementor-element elementor-element-7e97bff elementor-widget elementor-widget-heading\" data-id=\"7e97bff\" data-element_type=\"widget\" data-e-type=\"widget\" data-widget_type=\"heading.default\">\n\t\t\t\t<div class=\"elementor-widget-container\">\n\t\t\t\t\t<h2 class=\"elementor-heading-title elementor-size-default\">C\u00f3mo Estructurar tus Primeros Entrenamientos <\/h2>\t\t\t\t<\/div>\n\t\t\t\t<\/div>\n\t\t\t\t\t<\/div>\n\t\t\t\t<\/div>\n\t\t<div class=\"elementor-element elementor-element-4f09b52 e-flex e-con-boxed e-con e-parent\" data-id=\"4f09b52\" data-element_type=\"container\" data-e-type=\"container\">\n\t\t\t\t\t<div class=\"e-con-inner\">\n\t\t\t\t<div class=\"elementor-element elementor-element-fe3edf2 elementor-widget elementor-widget-text-editor\" data-id=\"fe3edf2\" data-element_type=\"widget\" data-e-type=\"widget\" data-widget_type=\"text-editor.default\">\n\t\t\t\t<div class=\"elementor-widget-container\">\n\t\t\t\t\t\t\t\t\t<p><span data-contrast=\"none\">Si eres nuevo en el <\/span>trail running<span data-contrast=\"none\">, es importante comenzar con un <strong>plan de <\/strong><\/span><strong>entrenamiento<\/strong><span data-contrast=\"none\"><strong> progresivo<\/strong>. Aqu\u00ed tienes una estructura b\u00e1sica para tus primeros <\/span><b><span data-contrast=\"none\">entrenamientos<\/span><\/b><span data-contrast=\"none\">:<\/span><span data-ccp-props=\"{&quot;134233117&quot;:false,&quot;134233118&quot;:false,&quot;335551550&quot;:6,&quot;335551620&quot;:6,&quot;335559738&quot;:0,&quot;335559739&quot;:0}\">\u00a0<\/span><\/p><ul><li data-leveltext=\"\uf0b7\" data-font=\"Symbol\" data-listid=\"11\" data-list-defn-props=\"{&quot;335552541&quot;:1,&quot;335559685&quot;:720,&quot;335559991&quot;:360,&quot;469769226&quot;:&quot;Symbol&quot;,&quot;469769242&quot;:[8226],&quot;469777803&quot;:&quot;left&quot;,&quot;469777804&quot;:&quot;\uf0b7&quot;,&quot;469777815&quot;:&quot;hybridMultilevel&quot;}\" aria-setsize=\"-1\" data-aria-posinset=\"1\" data-aria-level=\"1\"><b><span data-contrast=\"none\">Semana 1-2<\/span><\/b><span data-contrast=\"none\">: Enf\u00f3cate en la adaptaci\u00f3n al terreno. Realiza 2-3 carreras cortas de 4-6 km en senderos f\u00e1ciles. Incluye ejercicios de fuerza 2 veces por semana.<\/span><span data-ccp-props=\"{&quot;134233117&quot;:false,&quot;134233118&quot;:false,&quot;335551550&quot;:6,&quot;335551620&quot;:6,&quot;335559738&quot;:240,&quot;335559739&quot;:240}\">\u00a0<\/span><\/li><\/ul><ul><li data-leveltext=\"\uf0b7\" data-font=\"Symbol\" data-listid=\"11\" data-list-defn-props=\"{&quot;335552541&quot;:1,&quot;335559685&quot;:720,&quot;335559991&quot;:360,&quot;469769226&quot;:&quot;Symbol&quot;,&quot;469769242&quot;:[8226],&quot;469777803&quot;:&quot;left&quot;,&quot;469777804&quot;:&quot;\uf0b7&quot;,&quot;469777815&quot;:&quot;hybridMultilevel&quot;}\" aria-setsize=\"-1\" data-aria-posinset=\"2\" data-aria-level=\"1\"><b><span data-contrast=\"none\">Semana 3-4<\/span><\/b><span data-contrast=\"none\">: Aumenta la distancia a 6-8 km y comienza a incorporar intervalos en cuestas. Contin\u00faa con los ejercicios de fuerza.<\/span><span data-ccp-props=\"{&quot;134233117&quot;:false,&quot;134233118&quot;:false,&quot;335551550&quot;:6,&quot;335551620&quot;:6,&quot;335559738&quot;:240,&quot;335559739&quot;:240}\">\u00a0<\/span><\/li><\/ul><ul><li data-leveltext=\"\uf0b7\" data-font=\"Symbol\" data-listid=\"11\" data-list-defn-props=\"{&quot;335552541&quot;:1,&quot;335559685&quot;:720,&quot;335559991&quot;:360,&quot;469769226&quot;:&quot;Symbol&quot;,&quot;469769242&quot;:[8226],&quot;469777803&quot;:&quot;left&quot;,&quot;469777804&quot;:&quot;\uf0b7&quot;,&quot;469777815&quot;:&quot;hybridMultilevel&quot;}\" aria-setsize=\"-1\" data-aria-posinset=\"3\" data-aria-level=\"1\"><b><span data-contrast=\"none\">Semana 5-6<\/span><\/b><span data-contrast=\"none\">: Realiza una carrera larga de 10-12 km y aumenta la intensidad de los intervalos. A\u00f1ade ejercicios de core y equilibrio.<\/span><span data-ccp-props=\"{&quot;134233117&quot;:false,&quot;134233118&quot;:false,&quot;335551550&quot;:6,&quot;335551620&quot;:6,&quot;335559738&quot;:240,&quot;335559739&quot;:240}\">\u00a0<\/span><\/li><\/ul><p><span data-contrast=\"none\">En futuros art\u00edculos, profundizaremos en c\u00f3mo estructurar tus <\/span>entrenamientos seg\u00fan tu nivel y objetivos, ofreci\u00e9ndote consejos<span data-contrast=\"none\"> personalizados.<\/span><span data-ccp-props=\"{&quot;134233117&quot;:false,&quot;134233118&quot;:false,&quot;335551550&quot;:6,&quot;335551620&quot;:6,&quot;335559738&quot;:0,&quot;335559739&quot;:0}\">\u00a0<\/span><\/p>\t\t\t\t\t\t\t\t<\/div>\n\t\t\t\t<\/div>\n\t\t\t\t\t<\/div>\n\t\t\t\t<\/div>\n\t\t<div class=\"elementor-element elementor-element-7a19ef1 e-flex e-con-boxed e-con e-parent\" data-id=\"7a19ef1\" data-element_type=\"container\" data-e-type=\"container\">\n\t\t\t\t\t<div class=\"e-con-inner\">\n\t\t\t\t<div class=\"elementor-element elementor-element-657a907 elementor-widget elementor-widget-heading\" data-id=\"657a907\" data-element_type=\"widget\" data-e-type=\"widget\" data-widget_type=\"heading.default\">\n\t\t\t\t<div class=\"elementor-widget-container\">\n\t\t\t\t\t<h2 class=\"elementor-heading-title elementor-size-default\"> Plan de Entrenamiento para un Trail de 15 km <\/h2>\t\t\t\t<\/div>\n\t\t\t\t<\/div>\n\t\t\t\t\t<\/div>\n\t\t\t\t<\/div>\n\t\t<div class=\"elementor-element elementor-element-a4be8d3 e-flex e-con-boxed e-con e-parent\" data-id=\"a4be8d3\" data-element_type=\"container\" data-e-type=\"container\">\n\t\t\t\t\t<div class=\"e-con-inner\">\n\t\t\t\t<div class=\"elementor-element elementor-element-e9309af elementor-widget elementor-widget-text-editor\" data-id=\"e9309af\" data-element_type=\"widget\" data-e-type=\"widget\" data-widget_type=\"text-editor.default\">\n\t\t\t\t<div class=\"elementor-widget-container\">\n\t\t\t\t\t\t\t\t\t<p><span data-contrast=\"none\">A continuaci\u00f3n, te presento un plan de <\/span><b><span data-contrast=\"none\">entrenamiento<\/span><\/b><span data-contrast=\"none\"> de 8 semanas para prepararte para un trail de 15 km. Este plan est\u00e1 dise\u00f1ado para principiantes y combina carreras, ejercicios de fuerza y descanso activo. Sin embargo, es importante recordar que cada corredor es diferente, y este plan es solo una gu\u00eda general. Para un plan personalizado, no dudes en acudir a un profesional. <\/span><span data-ccp-props=\"{&quot;134233117&quot;:false,&quot;134233118&quot;:false,&quot;134245418&quot;:true,&quot;134245529&quot;:true,&quot;335551550&quot;:6,&quot;335551620&quot;:6,&quot;335559738&quot;:0,&quot;335559739&quot;:0}\">\u00a0<\/span><\/p>\t\t\t\t\t\t\t\t<\/div>\n\t\t\t\t<\/div>\n\t\t\t\t\t<\/div>\n\t\t\t\t<\/div>\n\t\t<div class=\"elementor-element elementor-element-df0b022 e-flex e-con-boxed e-con e-parent\" data-id=\"df0b022\" data-element_type=\"container\" data-e-type=\"container\">\n\t\t\t\t\t<div class=\"e-con-inner\">\n\t\t\t\t<div class=\"elementor-element elementor-element-9e5734b elementor-widget elementor-widget-image\" data-id=\"9e5734b\" data-element_type=\"widget\" data-e-type=\"widget\" data-widget_type=\"image.default\">\n\t\t\t\t<div class=\"elementor-widget-container\">\n\t\t\t\t\t\t\t\t\t\t\t\t\t\t\t<img decoding=\"async\" width=\"678\" height=\"372\" src=\"https:\/\/tradeandtrail.net\/wp-content\/uploads\/2025\/03\/image-5.png\" class=\"attachment-qi_addons_for_elementor_image_size_huge-square size-qi_addons_for_elementor_image_size_huge-square wp-image-3298\" alt=\"\" srcset=\"https:\/\/tradeandtrail.net\/wp-content\/uploads\/2025\/03\/image-5.png 678w, https:\/\/tradeandtrail.net\/wp-content\/uploads\/2025\/03\/image-5-300x165.png 300w, https:\/\/tradeandtrail.net\/wp-content\/uploads\/2025\/03\/image-5-18x10.png 18w\" sizes=\"(max-width: 678px) 100vw, 678px\" \/>\t\t\t\t\t\t\t\t\t\t\t\t\t\t\t<\/div>\n\t\t\t\t<\/div>\n\t\t\t\t\t<\/div>\n\t\t\t\t<\/div>\n\t\t<div class=\"elementor-element elementor-element-66052fc e-flex e-con-boxed e-con e-parent\" data-id=\"66052fc\" data-element_type=\"container\" data-e-type=\"container\">\n\t\t\t\t\t<div class=\"e-con-inner\">\n\t\t\t\t<div class=\"elementor-element elementor-element-c03e5ce elementor-widget elementor-widget-heading\" data-id=\"c03e5ce\" data-element_type=\"widget\" data-e-type=\"widget\" data-widget_type=\"heading.default\">\n\t\t\t\t<div class=\"elementor-widget-container\">\n\t\t\t\t\t<h2 class=\"elementor-heading-title elementor-size-default\">Calendario de Principales Carreras de Trail de Menos de 20 km en Espa\u00f1a, Francia y Suiza <\/h2>\t\t\t\t<\/div>\n\t\t\t\t<\/div>\n\t\t\t\t\t<\/div>\n\t\t\t\t<\/div>\n\t\t<div class=\"elementor-element elementor-element-3f5266b e-flex e-con-boxed e-con e-parent\" data-id=\"3f5266b\" data-element_type=\"container\" data-e-type=\"container\">\n\t\t\t\t\t<div class=\"e-con-inner\">\n\t\t\t\t<div class=\"elementor-element elementor-element-7d42c6d elementor-widget elementor-widget-text-editor\" data-id=\"7d42c6d\" data-element_type=\"widget\" data-e-type=\"widget\" data-widget_type=\"text-editor.default\">\n\t\t\t\t<div class=\"elementor-widget-container\">\n\t\t\t\t\t\t\t\t\t<p><span class=\"TextRun SCXW121875864 BCX0\" lang=\"ES-ES\" xml:lang=\"ES-ES\" data-contrast=\"none\"><span class=\"NormalTextRun SCXW121875864 BCX0\">Si est\u00e1s buscando participar en carreras de <\/span><\/span><span class=\"TextRun SCXW121875864 BCX0\" lang=\"ES-ES\" xml:lang=\"ES-ES\" data-contrast=\"none\"><span class=\"NormalTextRun SpellingErrorV2Themed SCXW121875864 BCX0\">trail<\/span><span class=\"NormalTextRun SCXW121875864 BCX0\"> running<\/span><\/span><span class=\"TextRun SCXW121875864 BCX0\" lang=\"ES-ES\" xml:lang=\"ES-ES\" data-contrast=\"none\"><span class=\"NormalTextRun SCXW121875864 BCX0\">, aqu\u00ed tienes un <\/span><\/span><span class=\"TextRun SCXW121875864 BCX0\" lang=\"ES-ES\" xml:lang=\"ES-ES\" data-contrast=\"none\"><span class=\"NormalTextRun SCXW121875864 BCX0\">calendario de carreras<\/span><\/span><span class=\"TextRun SCXW121875864 BCX0\" lang=\"ES-ES\" xml:lang=\"ES-ES\" data-contrast=\"none\"><span class=\"NormalTextRun SCXW121875864 BCX0\"> por meses de algunas de las <strong>principales <\/strong><\/span><\/span><strong><span class=\"TextRun SCXW121875864 BCX0\" lang=\"ES-ES\" xml:lang=\"ES-ES\" data-contrast=\"none\"><span class=\"NormalTextRun SCXW121875864 BCX0\">carreras de menos de 20 km<\/span><\/span><\/strong><span class=\"TextRun SCXW121875864 BCX0\" lang=\"ES-ES\" xml:lang=\"ES-ES\" data-contrast=\"none\"><span class=\"NormalTextRun SCXW121875864 BCX0\"><strong> en Espa\u00f1a, Francia y Suiza<\/strong>. En futuros art\u00edculos, profundizaremos en cada una de estas carreras, ofreci\u00e9ndote <\/span><\/span><span class=\"TextRun SCXW121875864 BCX0\" lang=\"ES-ES\" xml:lang=\"ES-ES\" data-contrast=\"none\"><span class=\"NormalTextRun SCXW121875864 BCX0\">consejos<\/span><\/span><span class=\"TextRun SCXW121875864 BCX0\" lang=\"ES-ES\" xml:lang=\"ES-ES\" data-contrast=\"none\"><span class=\"NormalTextRun SCXW121875864 BCX0\"> para prepararte espec\u00edficamente para cada una.<\/span><\/span><span class=\"EOP SCXW121875864 BCX0\" data-ccp-props=\"{&quot;134233117&quot;:false,&quot;134233118&quot;:false,&quot;335551550&quot;:6,&quot;335551620&quot;:6,&quot;335559738&quot;:0,&quot;335559739&quot;:0}\">\u00a0<\/span><\/p>\t\t\t\t\t\t\t\t<\/div>\n\t\t\t\t<\/div>\n\t\t\t\t\t<\/div>\n\t\t\t\t<\/div>\n\t\t<div class=\"elementor-element elementor-element-5f7dfbe e-flex e-con-boxed e-con e-parent\" data-id=\"5f7dfbe\" data-element_type=\"container\" data-e-type=\"container\">\n\t\t\t\t\t<div class=\"e-con-inner\">\n\t\t\t\t<div class=\"elementor-element elementor-element-f565401 elementor-widget elementor-widget-heading\" data-id=\"f565401\" data-element_type=\"widget\" data-e-type=\"widget\" data-widget_type=\"heading.default\">\n\t\t\t\t<div class=\"elementor-widget-container\">\n\t\t\t\t\t<h2 class=\"elementor-heading-title elementor-size-default\">ESPA\u00d1A<\/h2>\t\t\t\t<\/div>\n\t\t\t\t<\/div>\n\t\t\t\t\t<\/div>\n\t\t\t\t<\/div>\n\t\t<div class=\"elementor-element elementor-element-c3a98bb e-flex e-con-boxed e-con e-parent\" data-id=\"c3a98bb\" data-element_type=\"container\" data-e-type=\"container\">\n\t\t\t\t\t<div class=\"e-con-inner\">\n\t\t<div class=\"elementor-element elementor-element-f6a7846 e-con-full e-flex e-con e-child\" data-id=\"f6a7846\" data-element_type=\"container\" data-e-type=\"container\">\n\t\t\t\t<div class=\"elementor-element elementor-element-3d3cb3e elementor-widget elementor-widget-image\" data-id=\"3d3cb3e\" data-element_type=\"widget\" data-e-type=\"widget\" data-widget_type=\"image.default\">\n\t\t\t\t<div class=\"elementor-widget-container\">\n\t\t\t\t\t\t\t\t\t\t\t\t\t\t\t<img loading=\"lazy\" decoding=\"async\" width=\"1024\" height=\"533\" src=\"https:\/\/tradeandtrail.net\/wp-content\/uploads\/2025\/03\/image-1024x533.png\" class=\"attachment-large size-large wp-image-3296\" alt=\"\" srcset=\"https:\/\/tradeandtrail.net\/wp-content\/uploads\/2025\/03\/image-1024x533.png 1024w, https:\/\/tradeandtrail.net\/wp-content\/uploads\/2025\/03\/image-300x156.png 300w, https:\/\/tradeandtrail.net\/wp-content\/uploads\/2025\/03\/image-768x400.png 768w, https:\/\/tradeandtrail.net\/wp-content\/uploads\/2025\/03\/image-1536x800.png 1536w, https:\/\/tradeandtrail.net\/wp-content\/uploads\/2025\/03\/image-18x9.png 18w, https:\/\/tradeandtrail.net\/wp-content\/uploads\/2025\/03\/image.png 1627w\" sizes=\"(max-width: 1024px) 100vw, 1024px\" \/>\t\t\t\t\t\t\t\t\t\t\t\t\t\t\t<\/div>\n\t\t\t\t<\/div>\n\t\t\t\t<\/div>\n\t\t<div class=\"elementor-element elementor-element-507f5ec e-con-full e-flex e-con e-child\" data-id=\"507f5ec\" data-element_type=\"container\" data-e-type=\"container\">\n\t\t\t\t<div class=\"elementor-element elementor-element-d171abe elementor-widget elementor-widget-image\" data-id=\"d171abe\" data-element_type=\"widget\" data-e-type=\"widget\" data-widget_type=\"image.default\">\n\t\t\t\t<div class=\"elementor-widget-container\">\n\t\t\t\t\t\t\t\t\t\t\t\t\t\t\t<img loading=\"lazy\" decoding=\"async\" width=\"606\" height=\"366\" src=\"https:\/\/tradeandtrail.net\/wp-content\/uploads\/2025\/03\/image-6.png\" class=\"attachment-large size-large wp-image-3299\" alt=\"\" srcset=\"https:\/\/tradeandtrail.net\/wp-content\/uploads\/2025\/03\/image-6.png 606w, https:\/\/tradeandtrail.net\/wp-content\/uploads\/2025\/03\/image-6-300x181.png 300w, https:\/\/tradeandtrail.net\/wp-content\/uploads\/2025\/03\/image-6-18x12.png 18w\" sizes=\"(max-width: 606px) 100vw, 606px\" \/>\t\t\t\t\t\t\t\t\t\t\t\t\t\t\t<\/div>\n\t\t\t\t<\/div>\n\t\t\t\t<\/div>\n\t\t\t\t\t<\/div>\n\t\t\t\t<\/div>\n\t\t<div class=\"elementor-element elementor-element-9d143db e-flex e-con-boxed e-con e-parent\" data-id=\"9d143db\" data-element_type=\"container\" data-e-type=\"container\">\n\t\t\t\t\t<div class=\"e-con-inner\">\n\t\t\t\t<div class=\"elementor-element elementor-element-28e6f1d elementor-widget elementor-widget-text-editor\" data-id=\"28e6f1d\" data-element_type=\"widget\" data-e-type=\"widget\" data-widget_type=\"text-editor.default\">\n\t\t\t\t<div class=\"elementor-widget-container\">\n\t\t\t\t\t\t\t\t\t<ul><li data-leveltext=\"\uf0b7\" data-font=\"Symbol\" data-listid=\"13\" data-list-defn-props=\"{&quot;335552541&quot;:1,&quot;335559685&quot;:720,&quot;335559991&quot;:360,&quot;469769226&quot;:&quot;Symbol&quot;,&quot;469769242&quot;:[8226],&quot;469777803&quot;:&quot;left&quot;,&quot;469777804&quot;:&quot;\uf0b7&quot;,&quot;469777815&quot;:&quot;hybridMultilevel&quot;}\" aria-setsize=\"-1\" data-aria-posinset=\"1\" data-aria-level=\"1\"><b><span data-contrast=\"none\">Trail de la Serra de Tramuntana (Mallorca)<\/span><\/b><span data-contrast=\"none\">: Recorre algunos de los paisajes m\u00e1s espectaculares de la isla, con vistas al mar Mediterr\u00e1neo y desniveles moderados. Ideal para comenzar el a\u00f1o en un entorno \u00fanico.<\/span><span data-ccp-props=\"{&quot;134233117&quot;:false,&quot;134233118&quot;:false,&quot;335551550&quot;:6,&quot;335551620&quot;:6,&quot;335559738&quot;:240,&quot;335559739&quot;:240}\">\u00a0<\/span><\/li><\/ul><ul><li data-leveltext=\"\uf0b7\" data-font=\"Symbol\" data-listid=\"13\" data-list-defn-props=\"{&quot;335552541&quot;:1,&quot;335559685&quot;:720,&quot;335559991&quot;:360,&quot;469769226&quot;:&quot;Symbol&quot;,&quot;469769242&quot;:[8226],&quot;469777803&quot;:&quot;left&quot;,&quot;469777804&quot;:&quot;\uf0b7&quot;,&quot;469777815&quot;:&quot;hybridMultilevel&quot;}\" aria-setsize=\"-1\" data-aria-posinset=\"2\" data-aria-level=\"1\"><b><span data-contrast=\"none\">Trail de la Alpujarra (Granada)<\/span><\/b><span data-contrast=\"none\">: Combina senderos de monta\u00f1a con pueblos tradicionales de la Alpujarra. Una carrera con un gran componente cultural y paisaj\u00edstico.<\/span><span data-ccp-props=\"{&quot;134233117&quot;:false,&quot;134233118&quot;:false,&quot;335551550&quot;:6,&quot;335551620&quot;:6,&quot;335559738&quot;:240,&quot;335559739&quot;:240}\">\u00a0<\/span><\/li><\/ul><ul><li data-leveltext=\"\uf0b7\" data-font=\"Symbol\" data-listid=\"13\" data-list-defn-props=\"{&quot;335552541&quot;:1,&quot;335559685&quot;:720,&quot;335559991&quot;:360,&quot;469769226&quot;:&quot;Symbol&quot;,&quot;469769242&quot;:[8226],&quot;469777803&quot;:&quot;left&quot;,&quot;469777804&quot;:&quot;\uf0b7&quot;,&quot;469777815&quot;:&quot;hybridMultilevel&quot;}\" aria-setsize=\"-1\" data-aria-posinset=\"3\" data-aria-level=\"1\"><b><span data-contrast=\"none\">Trail de la Marat\u00f3 dels Ports (Castell\u00f3n)<\/span><\/b><span data-contrast=\"none\">: Una carrera t\u00e9cnica con desniveles pronunciados y paisajes rocosos. Perfecta para aquellos que buscan un desaf\u00edo en un entorno natural impresionante.<\/span><span data-ccp-props=\"{&quot;134233117&quot;:false,&quot;134233118&quot;:false,&quot;335551550&quot;:6,&quot;335551620&quot;:6,&quot;335559738&quot;:240,&quot;335559739&quot;:240}\">\u00a0<\/span><\/li><\/ul><ul><li data-leveltext=\"\uf0b7\" data-font=\"Symbol\" data-listid=\"13\" data-list-defn-props=\"{&quot;335552541&quot;:1,&quot;335559685&quot;:720,&quot;335559991&quot;:360,&quot;469769226&quot;:&quot;Symbol&quot;,&quot;469769242&quot;:[8226],&quot;469777803&quot;:&quot;left&quot;,&quot;469777804&quot;:&quot;\uf0b7&quot;,&quot;469777815&quot;:&quot;hybridMultilevel&quot;}\" aria-setsize=\"-1\" data-aria-posinset=\"4\" data-aria-level=\"1\"><b><span data-contrast=\"none\">Trail de la Sierra de Guadarrama (Madrid)<\/span><\/b><span data-contrast=\"none\">: Con vistas impresionantes de la sierra madrile\u00f1a, esta carrera es ideal para aquellos que quieren disfrutar de la naturaleza cerca de la capital.<\/span><span data-ccp-props=\"{&quot;134233117&quot;:false,&quot;134233118&quot;:false,&quot;335551550&quot;:6,&quot;335551620&quot;:6,&quot;335559738&quot;:240,&quot;335559739&quot;:240}\">\u00a0<\/span><\/li><\/ul><ul><li data-leveltext=\"\uf0b7\" data-font=\"Symbol\" data-listid=\"13\" data-list-defn-props=\"{&quot;335552541&quot;:1,&quot;335559685&quot;:720,&quot;335559991&quot;:360,&quot;469769226&quot;:&quot;Symbol&quot;,&quot;469769242&quot;:[8226],&quot;469777803&quot;:&quot;left&quot;,&quot;469777804&quot;:&quot;\uf0b7&quot;,&quot;469777815&quot;:&quot;hybridMultilevel&quot;}\" aria-setsize=\"-1\" data-aria-posinset=\"5\" data-aria-level=\"1\"><b><span data-contrast=\"none\">Trail de la Vall de Bo\u00ed (Lleida)<\/span><\/b><span data-contrast=\"none\">: Recorre los valles pirenaicos, con paisajes de alta monta\u00f1a. Una carrera que combina belleza natural y desaf\u00edo t\u00e9cnico.<\/span><span data-ccp-props=\"{&quot;134233117&quot;:false,&quot;134233118&quot;:false,&quot;335551550&quot;:6,&quot;335551620&quot;:6,&quot;335559738&quot;:240,&quot;335559739&quot;:240}\">\u00a0<\/span><\/li><\/ul><ul><li data-leveltext=\"\uf0b7\" data-font=\"Symbol\" data-listid=\"13\" data-list-defn-props=\"{&quot;335552541&quot;:1,&quot;335559685&quot;:720,&quot;335559991&quot;:360,&quot;469769226&quot;:&quot;Symbol&quot;,&quot;469769242&quot;:[8226],&quot;469777803&quot;:&quot;left&quot;,&quot;469777804&quot;:&quot;\uf0b7&quot;,&quot;469777815&quot;:&quot;hybridMultilevel&quot;}\" aria-setsize=\"-1\" data-aria-posinset=\"6\" data-aria-level=\"1\"><b><span data-contrast=\"none\">Trail de la Sierra de Cazorla (Ja\u00e9n)<\/span><\/b><span data-contrast=\"none\">: En uno de los parques naturales m\u00e1s grandes de Espa\u00f1a, esta carrera ofrece senderos boscosos y r\u00edos. Ideal para los amantes de la naturaleza.<\/span><span data-ccp-props=\"{&quot;134233117&quot;:false,&quot;134233118&quot;:false,&quot;335551550&quot;:6,&quot;335551620&quot;:6,&quot;335559738&quot;:240,&quot;335559739&quot;:240}\">\u00a0<\/span><\/li><\/ul><ul><li data-leveltext=\"\uf0b7\" data-font=\"Symbol\" data-listid=\"13\" data-list-defn-props=\"{&quot;335552541&quot;:1,&quot;335559685&quot;:720,&quot;335559991&quot;:360,&quot;469769226&quot;:&quot;Symbol&quot;,&quot;469769242&quot;:[8226],&quot;469777803&quot;:&quot;left&quot;,&quot;469777804&quot;:&quot;\uf0b7&quot;,&quot;469777815&quot;:&quot;hybridMultilevel&quot;}\" aria-setsize=\"-1\" data-aria-posinset=\"7\" data-aria-level=\"1\"><b><span data-contrast=\"none\">Trail de Picos de Europa (Asturias)<\/span><\/b><span data-contrast=\"none\">: Una carrera t\u00e9cnica con desniveles pronunciados y vistas espectaculares de los Picos de Europa. Perfecta para los corredores m\u00e1s experimentados.<\/span><span data-ccp-props=\"{&quot;134233117&quot;:false,&quot;134233118&quot;:false,&quot;335551550&quot;:6,&quot;335551620&quot;:6,&quot;335559738&quot;:240,&quot;335559739&quot;:240}\">\u00a0<\/span><\/li><\/ul><ul><li data-leveltext=\"\uf0b7\" data-font=\"Symbol\" data-listid=\"13\" data-list-defn-props=\"{&quot;335552541&quot;:1,&quot;335559685&quot;:720,&quot;335559991&quot;:360,&quot;469769226&quot;:&quot;Symbol&quot;,&quot;469769242&quot;:[8226],&quot;469777803&quot;:&quot;left&quot;,&quot;469777804&quot;:&quot;\uf0b7&quot;,&quot;469777815&quot;:&quot;hybridMultilevel&quot;}\" aria-setsize=\"-1\" data-aria-posinset=\"8\" data-aria-level=\"1\"><b><span data-contrast=\"none\">Trail de la Costa Brava (Girona)<\/span><\/b><span data-contrast=\"none\">: Una carrera junto al mar, con senderos costeros y paisajes mediterr\u00e1neos. Ideal para disfrutar del verano en un entorno \u00fanico.<\/span><span data-ccp-props=\"{&quot;134233117&quot;:false,&quot;134233118&quot;:false,&quot;335551550&quot;:6,&quot;335551620&quot;:6,&quot;335559738&quot;:240,&quot;335559739&quot;:240}\">\u00a0<\/span><\/li><\/ul><ul><li data-leveltext=\"\uf0b7\" data-font=\"Symbol\" data-listid=\"13\" data-list-defn-props=\"{&quot;335552541&quot;:1,&quot;335559685&quot;:720,&quot;335559991&quot;:360,&quot;469769226&quot;:&quot;Symbol&quot;,&quot;469769242&quot;:[8226],&quot;469777803&quot;:&quot;left&quot;,&quot;469777804&quot;:&quot;\uf0b7&quot;,&quot;469777815&quot;:&quot;hybridMultilevel&quot;}\" aria-setsize=\"-1\" data-aria-posinset=\"9\" data-aria-level=\"1\"><b><span data-contrast=\"none\">Trail de la Sierra de Gredos (\u00c1vila)<\/span><\/b><span data-contrast=\"none\">: En una de las sierras m\u00e1s emblem\u00e1ticas de Espa\u00f1a, esta carrera ofrece un desaf\u00edo t\u00e9cnico y paisajes impresionantes.<\/span><span data-ccp-props=\"{&quot;134233117&quot;:false,&quot;134233118&quot;:false,&quot;335551550&quot;:6,&quot;335551620&quot;:6,&quot;335559738&quot;:240,&quot;335559739&quot;:240}\">\u00a0<\/span><\/li><\/ul><ul><li data-leveltext=\"\uf0b7\" data-font=\"Symbol\" data-listid=\"13\" data-list-defn-props=\"{&quot;335552541&quot;:1,&quot;335559685&quot;:720,&quot;335559991&quot;:360,&quot;469769226&quot;:&quot;Symbol&quot;,&quot;469769242&quot;:[8226],&quot;469777803&quot;:&quot;left&quot;,&quot;469777804&quot;:&quot;\uf0b7&quot;,&quot;469777815&quot;:&quot;hybridMultilevel&quot;}\" aria-setsize=\"-1\" data-aria-posinset=\"10\" data-aria-level=\"1\"><b><span data-contrast=\"none\">Trail de la Sierra de Grazalema (C\u00e1diz)<\/span><\/b><span data-contrast=\"none\">: En un parque natural con senderos rocosos y desniveles moderados, esta carrera es perfecta para los amantes de la naturaleza.<\/span><span data-ccp-props=\"{&quot;134233117&quot;:false,&quot;134233118&quot;:false,&quot;335551550&quot;:6,&quot;335551620&quot;:6,&quot;335559738&quot;:240,&quot;335559739&quot;:240}\">\u00a0<\/span><\/li><\/ul><ul><li data-leveltext=\"\uf0b7\" data-font=\"Symbol\" data-listid=\"13\" data-list-defn-props=\"{&quot;335552541&quot;:1,&quot;335559685&quot;:720,&quot;335559991&quot;:360,&quot;469769226&quot;:&quot;Symbol&quot;,&quot;469769242&quot;:[8226],&quot;469777803&quot;:&quot;left&quot;,&quot;469777804&quot;:&quot;\uf0b7&quot;,&quot;469777815&quot;:&quot;hybridMultilevel&quot;}\" aria-setsize=\"-1\" data-aria-posinset=\"11\" data-aria-level=\"1\"><b><span data-contrast=\"none\">Trail de la Sierra de Aracena (Huelva)<\/span><\/b><span data-contrast=\"none\">: En un entorno natural \u00fanico, con bosques de casta\u00f1os y dehesas, esta carrera es ideal para disfrutar del oto\u00f1o.<\/span><span data-ccp-props=\"{&quot;134233117&quot;:false,&quot;134233118&quot;:false,&quot;335551550&quot;:6,&quot;335551620&quot;:6,&quot;335559738&quot;:240,&quot;335559739&quot;:240}\">\u00a0<\/span><\/li><\/ul><ul><li data-leveltext=\"\uf0b7\" data-font=\"Symbol\" data-listid=\"13\" data-list-defn-props=\"{&quot;335552541&quot;:1,&quot;335559685&quot;:720,&quot;335559991&quot;:360,&quot;469769226&quot;:&quot;Symbol&quot;,&quot;469769242&quot;:[8226],&quot;469777803&quot;:&quot;left&quot;,&quot;469777804&quot;:&quot;\uf0b7&quot;,&quot;469777815&quot;:&quot;hybridMultilevel&quot;}\" aria-setsize=\"-1\" data-aria-posinset=\"12\" data-aria-level=\"1\"><b><span data-contrast=\"none\">Trail de la Sierra de Guara (Huesca)<\/span><\/b><span data-contrast=\"none\">: Una carrera t\u00e9cnica con paisajes espectaculares de los Pirineos. Perfecta para terminar el a\u00f1o con un desaf\u00edo en la monta\u00f1a.<\/span><span data-ccp-props=\"{&quot;134233117&quot;:false,&quot;134233118&quot;:false,&quot;335551550&quot;:6,&quot;335551620&quot;:6,&quot;335559738&quot;:240,&quot;335559739&quot;:240}\">\u00a0<\/span><\/li><\/ul><p><span data-ccp-props=\"{&quot;134233117&quot;:false,&quot;134233118&quot;:false,&quot;335551550&quot;:6,&quot;335551620&quot;:6,&quot;335559685&quot;:720,&quot;335559738&quot;:240,&quot;335559739&quot;:240}\">\u00a0<\/span><\/p>\t\t\t\t\t\t\t\t<\/div>\n\t\t\t\t<\/div>\n\t\t\t\t\t<\/div>\n\t\t\t\t<\/div>\n\t\t<div class=\"elementor-element elementor-element-7833254 e-flex e-con-boxed e-con e-parent\" data-id=\"7833254\" data-element_type=\"container\" data-e-type=\"container\">\n\t\t\t\t\t<div class=\"e-con-inner\">\n\t\t\t\t<div class=\"elementor-element elementor-element-1bcaf01 elementor-widget elementor-widget-heading\" data-id=\"1bcaf01\" data-element_type=\"widget\" data-e-type=\"widget\" data-widget_type=\"heading.default\">\n\t\t\t\t<div class=\"elementor-widget-container\">\n\t\t\t\t\t<h2 class=\"elementor-heading-title elementor-size-default\">FRANCIA<\/h2>\t\t\t\t<\/div>\n\t\t\t\t<\/div>\n\t\t\t\t\t<\/div>\n\t\t\t\t<\/div>\n\t\t<div class=\"elementor-element elementor-element-55b4a08 e-flex e-con-boxed e-con e-parent\" data-id=\"55b4a08\" data-element_type=\"container\" data-e-type=\"container\">\n\t\t\t\t\t<div class=\"e-con-inner\">\n\t\t<div class=\"elementor-element elementor-element-cf081f1 e-con-full e-flex e-con e-child\" data-id=\"cf081f1\" data-element_type=\"container\" data-e-type=\"container\">\n\t\t\t\t<div class=\"elementor-element elementor-element-7c99ff2 elementor-widget elementor-widget-image\" data-id=\"7c99ff2\" data-element_type=\"widget\" data-e-type=\"widget\" data-widget_type=\"image.default\">\n\t\t\t\t<div class=\"elementor-widget-container\">\n\t\t\t\t\t\t\t\t\t\t\t\t\t\t\t<img loading=\"lazy\" decoding=\"async\" width=\"445\" height=\"267\" src=\"https:\/\/tradeandtrail.net\/wp-content\/uploads\/2025\/03\/image-1.png\" class=\"attachment-large size-large wp-image-3295\" alt=\"\" srcset=\"https:\/\/tradeandtrail.net\/wp-content\/uploads\/2025\/03\/image-1.png 445w, https:\/\/tradeandtrail.net\/wp-content\/uploads\/2025\/03\/image-1-300x180.png 300w, https:\/\/tradeandtrail.net\/wp-content\/uploads\/2025\/03\/image-1-18x12.png 18w\" sizes=\"(max-width: 445px) 100vw, 445px\" \/>\t\t\t\t\t\t\t\t\t\t\t\t\t\t\t<\/div>\n\t\t\t\t<\/div>\n\t\t\t\t<\/div>\n\t\t<div class=\"elementor-element elementor-element-f4799ad e-con-full e-flex e-con e-child\" data-id=\"f4799ad\" data-element_type=\"container\" data-e-type=\"container\">\n\t\t\t\t<div class=\"elementor-element elementor-element-17f313d elementor-widget elementor-widget-image\" data-id=\"17f313d\" data-element_type=\"widget\" data-e-type=\"widget\" data-widget_type=\"image.default\">\n\t\t\t\t<div class=\"elementor-widget-container\">\n\t\t\t\t\t\t\t\t\t\t\t\t\t\t\t<img loading=\"lazy\" decoding=\"async\" width=\"605\" height=\"366\" src=\"https:\/\/tradeandtrail.net\/wp-content\/uploads\/2025\/03\/image-7.png\" class=\"attachment-large size-large wp-image-3300\" alt=\"\" srcset=\"https:\/\/tradeandtrail.net\/wp-content\/uploads\/2025\/03\/image-7.png 605w, https:\/\/tradeandtrail.net\/wp-content\/uploads\/2025\/03\/image-7-300x181.png 300w, https:\/\/tradeandtrail.net\/wp-content\/uploads\/2025\/03\/image-7-18x12.png 18w\" sizes=\"(max-width: 605px) 100vw, 605px\" \/>\t\t\t\t\t\t\t\t\t\t\t\t\t\t\t<\/div>\n\t\t\t\t<\/div>\n\t\t\t\t<\/div>\n\t\t\t\t\t<\/div>\n\t\t\t\t<\/div>\n\t\t<div class=\"elementor-element elementor-element-7ad2952 e-flex e-con-boxed e-con e-parent\" data-id=\"7ad2952\" data-element_type=\"container\" data-e-type=\"container\">\n\t\t\t\t\t<div class=\"e-con-inner\">\n\t\t\t\t<div class=\"elementor-element elementor-element-c475d91 elementor-widget elementor-widget-text-editor\" data-id=\"c475d91\" data-element_type=\"widget\" data-e-type=\"widget\" data-widget_type=\"text-editor.default\">\n\t\t\t\t<div class=\"elementor-widget-container\">\n\t\t\t\t\t\t\t\t\t<ul><li data-leveltext=\"\uf0b7\" data-font=\"Symbol\" data-listid=\"14\" data-list-defn-props=\"{&quot;335552541&quot;:1,&quot;335559685&quot;:720,&quot;335559991&quot;:360,&quot;469769226&quot;:&quot;Symbol&quot;,&quot;469769242&quot;:[8226],&quot;469777803&quot;:&quot;left&quot;,&quot;469777804&quot;:&quot;\uf0b7&quot;,&quot;469777815&quot;:&quot;hybridMultilevel&quot;}\" aria-setsize=\"-1\" data-aria-posinset=\"1\" data-aria-level=\"1\"><b><span data-contrast=\"none\">Trail des Templiers (Aveyron)<\/span><\/b><span data-contrast=\"none\">: Una carrera hist\u00f3rica que recorre los senderos de los templarios. Perfecta para los amantes de la historia y la naturaleza.<\/span><span data-ccp-props=\"{&quot;134233117&quot;:false,&quot;134233118&quot;:false,&quot;335551550&quot;:6,&quot;335551620&quot;:6,&quot;335559738&quot;:240,&quot;335559739&quot;:240}\">\u00a0<\/span><\/li><\/ul><ul><li data-leveltext=\"\uf0b7\" data-font=\"Symbol\" data-listid=\"14\" data-list-defn-props=\"{&quot;335552541&quot;:1,&quot;335559685&quot;:720,&quot;335559991&quot;:360,&quot;469769226&quot;:&quot;Symbol&quot;,&quot;469769242&quot;:[8226],&quot;469777803&quot;:&quot;left&quot;,&quot;469777804&quot;:&quot;\uf0b7&quot;,&quot;469777815&quot;:&quot;hybridMultilevel&quot;}\" aria-setsize=\"-1\" data-aria-posinset=\"2\" data-aria-level=\"1\"><b><span data-contrast=\"none\">Trail de la C\u00f4te d&#8217;Azur (Niza)<\/span><\/b><span data-contrast=\"none\">: Una carrera junto al mar, con vistas espectaculares de la Costa Azul. Ideal para disfrutar del clima mediterr\u00e1neo en invierno.<\/span><span data-ccp-props=\"{&quot;134233117&quot;:false,&quot;134233118&quot;:false,&quot;335551550&quot;:6,&quot;335551620&quot;:6,&quot;335559738&quot;:240,&quot;335559739&quot;:240}\">\u00a0<\/span><\/li><\/ul><ul><li data-leveltext=\"\uf0b7\" data-font=\"Symbol\" data-listid=\"14\" data-list-defn-props=\"{&quot;335552541&quot;:1,&quot;335559685&quot;:720,&quot;335559991&quot;:360,&quot;469769226&quot;:&quot;Symbol&quot;,&quot;469769242&quot;:[8226],&quot;469777803&quot;:&quot;left&quot;,&quot;469777804&quot;:&quot;\uf0b7&quot;,&quot;469777815&quot;:&quot;hybridMultilevel&quot;}\" aria-setsize=\"-1\" data-aria-posinset=\"3\" data-aria-level=\"1\"><b><span data-contrast=\"none\">Trail des Vosges (Alsacia)<\/span><\/b><span data-contrast=\"none\">: En los bosques de los Vosgos, esta carrera ofrece desniveles moderados y paisajes impresionantes. Perfecta para los corredores que buscan un desaf\u00edo en un entorno natural.<\/span><span data-ccp-props=\"{&quot;134233117&quot;:false,&quot;134233118&quot;:false,&quot;335551550&quot;:6,&quot;335551620&quot;:6,&quot;335559738&quot;:240,&quot;335559739&quot;:240}\">\u00a0<\/span><\/li><\/ul><ul><li data-leveltext=\"\uf0b7\" data-font=\"Symbol\" data-listid=\"14\" data-list-defn-props=\"{&quot;335552541&quot;:1,&quot;335559685&quot;:720,&quot;335559991&quot;:360,&quot;469769226&quot;:&quot;Symbol&quot;,&quot;469769242&quot;:[8226],&quot;469777803&quot;:&quot;left&quot;,&quot;469777804&quot;:&quot;\uf0b7&quot;,&quot;469777815&quot;:&quot;hybridMultilevel&quot;}\" aria-setsize=\"-1\" data-aria-posinset=\"4\" data-aria-level=\"1\"><b><span data-contrast=\"none\">Trail du Mont Blanc (Chamonix)<\/span><\/b><span data-contrast=\"none\">: Una carrera en los Alpes, con vistas impresionantes del Mont Blanc. Ideal para los corredores m\u00e1s experimentados.<\/span><span data-ccp-props=\"{&quot;134233117&quot;:false,&quot;134233118&quot;:false,&quot;335551550&quot;:6,&quot;335551620&quot;:6,&quot;335559738&quot;:240,&quot;335559739&quot;:240}\">\u00a0<\/span><\/li><\/ul><ul><li data-leveltext=\"\uf0b7\" data-font=\"Symbol\" data-listid=\"14\" data-list-defn-props=\"{&quot;335552541&quot;:1,&quot;335559685&quot;:720,&quot;335559991&quot;:360,&quot;469769226&quot;:&quot;Symbol&quot;,&quot;469769242&quot;:[8226],&quot;469777803&quot;:&quot;left&quot;,&quot;469777804&quot;:&quot;\uf0b7&quot;,&quot;469777815&quot;:&quot;hybridMultilevel&quot;}\" aria-setsize=\"-1\" data-aria-posinset=\"5\" data-aria-level=\"1\"><b><span data-contrast=\"none\">Trail des Calanques (Marsella)<\/span><\/b><span data-contrast=\"none\">: En un parque nacional, con senderos junto al mar. Una carrera que combina belleza natural y desaf\u00edo t\u00e9cnico.<\/span><span data-ccp-props=\"{&quot;134233117&quot;:false,&quot;134233118&quot;:false,&quot;335551550&quot;:6,&quot;335551620&quot;:6,&quot;335559738&quot;:240,&quot;335559739&quot;:240}\">\u00a0<\/span><\/li><\/ul><ul><li data-leveltext=\"\uf0b7\" data-font=\"Symbol\" data-listid=\"14\" data-list-defn-props=\"{&quot;335552541&quot;:1,&quot;335559685&quot;:720,&quot;335559991&quot;:360,&quot;469769226&quot;:&quot;Symbol&quot;,&quot;469769242&quot;:[8226],&quot;469777803&quot;:&quot;left&quot;,&quot;469777804&quot;:&quot;\uf0b7&quot;,&quot;469777815&quot;:&quot;hybridMultilevel&quot;}\" aria-setsize=\"-1\" data-aria-posinset=\"6\" data-aria-level=\"1\"><b><span data-contrast=\"none\">Trail des Pyr\u00e9n\u00e9es (Pau)<\/span><\/b><span data-contrast=\"none\">: En los Pirineos, con paisajes de alta monta\u00f1a. Perfecta para los amantes de la naturaleza y los desaf\u00edos t\u00e9cnicos.<\/span><span data-ccp-props=\"{&quot;134233117&quot;:false,&quot;134233118&quot;:false,&quot;335551550&quot;:6,&quot;335551620&quot;:6,&quot;335559738&quot;:240,&quot;335559739&quot;:240}\">\u00a0<\/span><\/li><\/ul><ul><li data-leveltext=\"\uf0b7\" data-font=\"Symbol\" data-listid=\"14\" data-list-defn-props=\"{&quot;335552541&quot;:1,&quot;335559685&quot;:720,&quot;335559991&quot;:360,&quot;469769226&quot;:&quot;Symbol&quot;,&quot;469769242&quot;:[8226],&quot;469777803&quot;:&quot;left&quot;,&quot;469777804&quot;:&quot;\uf0b7&quot;,&quot;469777815&quot;:&quot;hybridMultilevel&quot;}\" aria-setsize=\"-1\" data-aria-posinset=\"7\" data-aria-level=\"1\"><b><span data-contrast=\"none\">Trail des Aiguilles Rouges (Chamonix)<\/span><\/b><span data-contrast=\"none\">: Una carrera t\u00e9cnica en los Alpes, con desniveles pronunciados. Ideal para los corredores m\u00e1s experimentados.<\/span><span data-ccp-props=\"{&quot;134233117&quot;:false,&quot;134233118&quot;:false,&quot;335551550&quot;:6,&quot;335551620&quot;:6,&quot;335559738&quot;:240,&quot;335559739&quot;:240}\">\u00a0<\/span><\/li><\/ul><ul><li data-leveltext=\"\uf0b7\" data-font=\"Symbol\" data-listid=\"14\" data-list-defn-props=\"{&quot;335552541&quot;:1,&quot;335559685&quot;:720,&quot;335559991&quot;:360,&quot;469769226&quot;:&quot;Symbol&quot;,&quot;469769242&quot;:[8226],&quot;469777803&quot;:&quot;left&quot;,&quot;469777804&quot;:&quot;\uf0b7&quot;,&quot;469777815&quot;:&quot;hybridMultilevel&quot;}\" aria-setsize=\"-1\" data-aria-posinset=\"8\" data-aria-level=\"1\"><b><span data-contrast=\"none\">Trail du Vercors (Grenoble)<\/span><\/b><span data-contrast=\"none\">: En un parque natural, con senderos boscosos y r\u00edos. Perfecta para disfrutar del verano en la monta\u00f1a.<\/span><span data-ccp-props=\"{&quot;134233117&quot;:false,&quot;134233118&quot;:false,&quot;335551550&quot;:6,&quot;335551620&quot;:6,&quot;335559738&quot;:240,&quot;335559739&quot;:240}\">\u00a0<\/span><\/li><\/ul><ul><li data-leveltext=\"\uf0b7\" data-font=\"Symbol\" data-listid=\"14\" data-list-defn-props=\"{&quot;335552541&quot;:1,&quot;335559685&quot;:720,&quot;335559991&quot;:360,&quot;469769226&quot;:&quot;Symbol&quot;,&quot;469769242&quot;:[8226],&quot;469777803&quot;:&quot;left&quot;,&quot;469777804&quot;:&quot;\uf0b7&quot;,&quot;469777815&quot;:&quot;hybridMultilevel&quot;}\" aria-setsize=\"-1\" data-aria-posinset=\"9\" data-aria-level=\"1\"><b><span data-contrast=\"none\">Trail des Balcons d&#8217;Azur (Niza)<\/span><\/b><span data-contrast=\"none\">: Con vistas espectaculares de la Costa Azul, esta carrera es ideal para los amantes del mar y la monta\u00f1a.<\/span><span data-ccp-props=\"{&quot;134233117&quot;:false,&quot;134233118&quot;:false,&quot;335551550&quot;:6,&quot;335551620&quot;:6,&quot;335559738&quot;:240,&quot;335559739&quot;:240}\">\u00a0<\/span><\/li><\/ul><ul><li data-leveltext=\"\uf0b7\" data-font=\"Symbol\" data-listid=\"14\" data-list-defn-props=\"{&quot;335552541&quot;:1,&quot;335559685&quot;:720,&quot;335559991&quot;:360,&quot;469769226&quot;:&quot;Symbol&quot;,&quot;469769242&quot;:[8226],&quot;469777803&quot;:&quot;left&quot;,&quot;469777804&quot;:&quot;\uf0b7&quot;,&quot;469777815&quot;:&quot;hybridMultilevel&quot;}\" aria-setsize=\"-1\" data-aria-posinset=\"10\" data-aria-level=\"1\"><b><span data-contrast=\"none\">Trail des C\u00e9vennes (Gard)<\/span><\/b><span data-contrast=\"none\">: En un parque nacional, con senderos hist\u00f3ricos. Perfecta para los amantes de la historia y la naturaleza.<\/span><span data-ccp-props=\"{&quot;134233117&quot;:false,&quot;134233118&quot;:false,&quot;335551550&quot;:6,&quot;335551620&quot;:6,&quot;335559738&quot;:240,&quot;335559739&quot;:240}\">\u00a0<\/span><\/li><\/ul><ul><li data-leveltext=\"\uf0b7\" data-font=\"Symbol\" data-listid=\"14\" data-list-defn-props=\"{&quot;335552541&quot;:1,&quot;335559685&quot;:720,&quot;335559991&quot;:360,&quot;469769226&quot;:&quot;Symbol&quot;,&quot;469769242&quot;:[8226],&quot;469777803&quot;:&quot;left&quot;,&quot;469777804&quot;:&quot;\uf0b7&quot;,&quot;469777815&quot;:&quot;hybridMultilevel&quot;}\" aria-setsize=\"-1\" data-aria-posinset=\"11\" data-aria-level=\"1\"><b><span data-contrast=\"none\">Trail des Alpilles (Provenza)<\/span><\/b><span data-contrast=\"none\">: En un entorno natural \u00fanico, con paisajes de olivares y vi\u00f1edos. Ideal para disfrutar del oto\u00f1o en la Provenza.<\/span><span data-ccp-props=\"{&quot;134233117&quot;:false,&quot;134233118&quot;:false,&quot;335551550&quot;:6,&quot;335551620&quot;:6,&quot;335559738&quot;:240,&quot;335559739&quot;:240}\">\u00a0<\/span><\/li><\/ul><ul><li data-leveltext=\"\uf0b7\" data-font=\"Symbol\" data-listid=\"14\" data-list-defn-props=\"{&quot;335552541&quot;:1,&quot;335559685&quot;:720,&quot;335559991&quot;:360,&quot;469769226&quot;:&quot;Symbol&quot;,&quot;469769242&quot;:[8226],&quot;469777803&quot;:&quot;left&quot;,&quot;469777804&quot;:&quot;\uf0b7&quot;,&quot;469777815&quot;:&quot;hybridMultilevel&quot;}\" aria-setsize=\"-1\" data-aria-posinset=\"12\" data-aria-level=\"1\"><b><span data-contrast=\"none\">Trail des Volcans d&#8217;Auvergne (Clermont-Ferrand)<\/span><\/b><span data-contrast=\"none\">: En un parque natural, con senderos volc\u00e1nicos. Perfecta para los amantes de la geolog\u00eda y la naturaleza.<\/span><span data-ccp-props=\"{&quot;134233117&quot;:false,&quot;134233118&quot;:false,&quot;335551550&quot;:6,&quot;335551620&quot;:6,&quot;335559738&quot;:240,&quot;335559739&quot;:240}\">\u00a0<\/span><\/li><\/ul>\t\t\t\t\t\t\t\t<\/div>\n\t\t\t\t<\/div>\n\t\t\t\t\t<\/div>\n\t\t\t\t<\/div>\n\t\t<div class=\"elementor-element elementor-element-3367f96 e-flex e-con-boxed e-con e-parent\" data-id=\"3367f96\" data-element_type=\"container\" data-e-type=\"container\">\n\t\t\t\t\t<div class=\"e-con-inner\">\n\t\t\t\t<div class=\"elementor-element elementor-element-369382d elementor-widget elementor-widget-heading\" data-id=\"369382d\" data-element_type=\"widget\" data-e-type=\"widget\" data-widget_type=\"heading.default\">\n\t\t\t\t<div class=\"elementor-widget-container\">\n\t\t\t\t\t<h2 class=\"elementor-heading-title elementor-size-default\">SUIZA<\/h2>\t\t\t\t<\/div>\n\t\t\t\t<\/div>\n\t\t\t\t\t<\/div>\n\t\t\t\t<\/div>\n\t\t<div class=\"elementor-element elementor-element-b23fdd4 e-flex e-con-boxed e-con e-parent\" data-id=\"b23fdd4\" data-element_type=\"container\" data-e-type=\"container\">\n\t\t\t\t\t<div class=\"e-con-inner\">\n\t\t<div class=\"elementor-element elementor-element-6c64abf e-con-full e-flex e-con e-child\" data-id=\"6c64abf\" data-element_type=\"container\" data-e-type=\"container\">\n\t\t\t\t<div class=\"elementor-element elementor-element-0e826b2 elementor-widget elementor-widget-image\" data-id=\"0e826b2\" data-element_type=\"widget\" data-e-type=\"widget\" data-widget_type=\"image.default\">\n\t\t\t\t<div class=\"elementor-widget-container\">\n\t\t\t\t\t\t\t\t\t\t\t\t\t\t\t<img loading=\"lazy\" decoding=\"async\" width=\"1024\" height=\"681\" src=\"https:\/\/tradeandtrail.net\/wp-content\/uploads\/2025\/03\/image-2-1024x681.png\" class=\"attachment-large size-large wp-image-3294\" alt=\"\" srcset=\"https:\/\/tradeandtrail.net\/wp-content\/uploads\/2025\/03\/image-2-1024x681.png 1024w, https:\/\/tradeandtrail.net\/wp-content\/uploads\/2025\/03\/image-2-300x200.png 300w, https:\/\/tradeandtrail.net\/wp-content\/uploads\/2025\/03\/image-2-768x511.png 768w, https:\/\/tradeandtrail.net\/wp-content\/uploads\/2025\/03\/image-2-18x12.png 18w, https:\/\/tradeandtrail.net\/wp-content\/uploads\/2025\/03\/image-2.png 1200w\" sizes=\"(max-width: 1024px) 100vw, 1024px\" \/>\t\t\t\t\t\t\t\t\t\t\t\t\t\t\t<\/div>\n\t\t\t\t<\/div>\n\t\t\t\t<\/div>\n\t\t<div class=\"elementor-element elementor-element-c4e18c3 e-con-full e-flex e-con e-child\" data-id=\"c4e18c3\" data-element_type=\"container\" data-e-type=\"container\">\n\t\t\t\t<div class=\"elementor-element elementor-element-1d9c8d4 elementor-widget elementor-widget-image\" data-id=\"1d9c8d4\" data-element_type=\"widget\" data-e-type=\"widget\" data-widget_type=\"image.default\">\n\t\t\t\t<div class=\"elementor-widget-container\">\n\t\t\t\t\t\t\t\t\t\t\t\t\t\t\t<img loading=\"lazy\" decoding=\"async\" width=\"605\" height=\"366\" src=\"https:\/\/tradeandtrail.net\/wp-content\/uploads\/2025\/03\/image-7.png\" class=\"attachment-large size-large wp-image-3300\" alt=\"\" srcset=\"https:\/\/tradeandtrail.net\/wp-content\/uploads\/2025\/03\/image-7.png 605w, https:\/\/tradeandtrail.net\/wp-content\/uploads\/2025\/03\/image-7-300x181.png 300w, https:\/\/tradeandtrail.net\/wp-content\/uploads\/2025\/03\/image-7-18x12.png 18w\" sizes=\"(max-width: 605px) 100vw, 605px\" \/>\t\t\t\t\t\t\t\t\t\t\t\t\t\t\t<\/div>\n\t\t\t\t<\/div>\n\t\t\t\t<\/div>\n\t\t\t\t\t<\/div>\n\t\t\t\t<\/div>\n\t\t<div class=\"elementor-element elementor-element-a6d3402 e-flex e-con-boxed e-con e-parent\" data-id=\"a6d3402\" data-element_type=\"container\" data-e-type=\"container\">\n\t\t\t\t\t<div class=\"e-con-inner\">\n\t\t\t\t<div class=\"elementor-element elementor-element-a6199fb elementor-widget elementor-widget-text-editor\" data-id=\"a6199fb\" data-element_type=\"widget\" data-e-type=\"widget\" data-widget_type=\"text-editor.default\">\n\t\t\t\t<div class=\"elementor-widget-container\">\n\t\t\t\t\t\t\t\t\t<ul><li data-leveltext=\"\uf0b7\" data-font=\"Symbol\" data-listid=\"15\" data-list-defn-props=\"{&quot;335552541&quot;:1,&quot;335559685&quot;:720,&quot;335559991&quot;:360,&quot;469769226&quot;:&quot;Symbol&quot;,&quot;469769242&quot;:[8226],&quot;469777803&quot;:&quot;left&quot;,&quot;469777804&quot;:&quot;\uf0b7&quot;,&quot;469777815&quot;:&quot;hybridMultilevel&quot;}\" aria-setsize=\"-1\" data-aria-posinset=\"1\" data-aria-level=\"1\"><b><span data-contrast=\"none\">Trail des Dents du Midi (Valais)<\/span><\/b><span data-contrast=\"none\">: Una carrera en los Alpes suizos, con vistas espectaculares. Ideal para los corredores que buscan un desaf\u00edo en un entorno \u00fanico.<\/span><span data-ccp-props=\"{&quot;134233117&quot;:false,&quot;134233118&quot;:false,&quot;335551550&quot;:6,&quot;335551620&quot;:6,&quot;335559738&quot;:240,&quot;335559739&quot;:240}\">\u00a0<\/span><\/li><\/ul><ul><li data-leveltext=\"\uf0b7\" data-font=\"Symbol\" data-listid=\"15\" data-list-defn-props=\"{&quot;335552541&quot;:1,&quot;335559685&quot;:720,&quot;335559991&quot;:360,&quot;469769226&quot;:&quot;Symbol&quot;,&quot;469769242&quot;:[8226],&quot;469777803&quot;:&quot;left&quot;,&quot;469777804&quot;:&quot;\uf0b7&quot;,&quot;469777815&quot;:&quot;hybridMultilevel&quot;}\" aria-setsize=\"-1\" data-aria-posinset=\"2\" data-aria-level=\"1\"><b><span data-contrast=\"none\">Trail des Rochers de Naye (Montreux)<\/span><\/b><span data-contrast=\"none\">: Una carrera junto al lago Lem\u00e1n, con senderos t\u00e9cnicos. Perfecta para los amantes de los paisajes lacustres.<\/span><span data-ccp-props=\"{&quot;134233117&quot;:false,&quot;134233118&quot;:false,&quot;335551550&quot;:6,&quot;335551620&quot;:6,&quot;335559738&quot;:240,&quot;335559739&quot;:240}\">\u00a0<\/span><\/li><\/ul><ul><li data-leveltext=\"\uf0b7\" data-font=\"Symbol\" data-listid=\"15\" data-list-defn-props=\"{&quot;335552541&quot;:1,&quot;335559685&quot;:720,&quot;335559991&quot;:360,&quot;469769226&quot;:&quot;Symbol&quot;,&quot;469769242&quot;:[8226],&quot;469777803&quot;:&quot;left&quot;,&quot;469777804&quot;:&quot;\uf0b7&quot;,&quot;469777815&quot;:&quot;hybridMultilevel&quot;}\" aria-setsize=\"-1\" data-aria-posinset=\"3\" data-aria-level=\"1\"><b><span data-contrast=\"none\">Trail de la Vall\u00e9e de Joux (Vaud)<\/span><\/b><span data-contrast=\"none\">: En un valle alpino, con paisajes boscosos. Ideal para los corredores que buscan un desaf\u00edo en un entorno natural.<\/span><span data-ccp-props=\"{&quot;134233117&quot;:false,&quot;134233118&quot;:false,&quot;335551550&quot;:6,&quot;335551620&quot;:6,&quot;335559738&quot;:240,&quot;335559739&quot;:240}\">\u00a0<\/span><\/li><\/ul><ul><li data-leveltext=\"\uf0b7\" data-font=\"Symbol\" data-listid=\"15\" data-list-defn-props=\"{&quot;335552541&quot;:1,&quot;335559685&quot;:720,&quot;335559991&quot;:360,&quot;469769226&quot;:&quot;Symbol&quot;,&quot;469769242&quot;:[8226],&quot;469777803&quot;:&quot;left&quot;,&quot;469777804&quot;:&quot;\uf0b7&quot;,&quot;469777815&quot;:&quot;hybridMultilevel&quot;}\" aria-setsize=\"-1\" data-aria-posinset=\"4\" data-aria-level=\"1\"><b><span data-contrast=\"none\">Trail des Pr\u00e9alpes (Friburgo)<\/span><\/b><span data-contrast=\"none\">: En los Prealpes suizos, con desniveles moderados. Perfecta para los corredores que buscan un desaf\u00edo t\u00e9cnico.<\/span><span data-ccp-props=\"{&quot;134233117&quot;:false,&quot;134233118&quot;:false,&quot;335551550&quot;:6,&quot;335551620&quot;:6,&quot;335559738&quot;:240,&quot;335559739&quot;:240}\">\u00a0<\/span><\/li><\/ul><ul><li data-leveltext=\"\uf0b7\" data-font=\"Symbol\" data-listid=\"15\" data-list-defn-props=\"{&quot;335552541&quot;:1,&quot;335559685&quot;:720,&quot;335559991&quot;:360,&quot;469769226&quot;:&quot;Symbol&quot;,&quot;469769242&quot;:[8226],&quot;469777803&quot;:&quot;left&quot;,&quot;469777804&quot;:&quot;\uf0b7&quot;,&quot;469777815&quot;:&quot;hybridMultilevel&quot;}\" aria-setsize=\"-1\" data-aria-posinset=\"5\" data-aria-level=\"1\"><b><span data-contrast=\"none\">Trail des Alpes Vaudoises (Lausana)<\/span><\/b><span data-contrast=\"none\">: En los Alpes, con vistas al lago Lem\u00e1n. Ideal para los corredores que buscan un desaf\u00edo en un entorno \u00fanico.<\/span><span data-ccp-props=\"{&quot;134233117&quot;:false,&quot;134233118&quot;:false,&quot;335551550&quot;:6,&quot;335551620&quot;:6,&quot;335559738&quot;:240,&quot;335559739&quot;:240}\">\u00a0<\/span><\/li><\/ul><ul><li data-leveltext=\"\uf0b7\" data-font=\"Symbol\" data-listid=\"15\" data-list-defn-props=\"{&quot;335552541&quot;:1,&quot;335559685&quot;:720,&quot;335559991&quot;:360,&quot;469769226&quot;:&quot;Symbol&quot;,&quot;469769242&quot;:[8226],&quot;469777803&quot;:&quot;left&quot;,&quot;469777804&quot;:&quot;\uf0b7&quot;,&quot;469777815&quot;:&quot;hybridMultilevel&quot;}\" aria-setsize=\"-1\" data-aria-posinset=\"6\" data-aria-level=\"1\"><b><span data-contrast=\"none\">Trail des Grisons (Graub\u00fcnden)<\/span><\/b><span data-contrast=\"none\">: En los Alpes suizos, con paisajes de alta monta\u00f1a. Perfecta para los amantes de la naturaleza y los desaf\u00edos t\u00e9cnicos.<\/span><span data-ccp-props=\"{&quot;134233117&quot;:false,&quot;134233118&quot;:false,&quot;335551550&quot;:6,&quot;335551620&quot;:6,&quot;335559738&quot;:240,&quot;335559739&quot;:240}\">\u00a0<\/span><\/li><\/ul><ul><li data-leveltext=\"\uf0b7\" data-font=\"Symbol\" data-listid=\"15\" data-list-defn-props=\"{&quot;335552541&quot;:1,&quot;335559685&quot;:720,&quot;335559991&quot;:360,&quot;469769226&quot;:&quot;Symbol&quot;,&quot;469769242&quot;:[8226],&quot;469777803&quot;:&quot;left&quot;,&quot;469777804&quot;:&quot;\uf0b7&quot;,&quot;469777815&quot;:&quot;hybridMultilevel&quot;}\" aria-setsize=\"-1\" data-aria-posinset=\"7\" data-aria-level=\"1\"><b><span data-contrast=\"none\">Trail des Diablerets (Vaud)<\/span><\/b><span data-contrast=\"none\">: En los Alpes, con senderos t\u00e9cnicos y desniveles pronunciados. Ideal para los corredores m\u00e1s experimentados.<\/span><span data-ccp-props=\"{&quot;134233117&quot;:false,&quot;134233118&quot;:false,&quot;335551550&quot;:6,&quot;335551620&quot;:6,&quot;335559738&quot;:240,&quot;335559739&quot;:240}\">\u00a0<\/span><\/li><\/ul><ul><li data-leveltext=\"\uf0b7\" data-font=\"Symbol\" data-listid=\"15\" data-list-defn-props=\"{&quot;335552541&quot;:1,&quot;335559685&quot;:720,&quot;335559991&quot;:360,&quot;469769226&quot;:&quot;Symbol&quot;,&quot;469769242&quot;:[8226],&quot;469777803&quot;:&quot;left&quot;,&quot;469777804&quot;:&quot;\uf0b7&quot;,&quot;469777815&quot;:&quot;hybridMultilevel&quot;}\" aria-setsize=\"-1\" data-aria-posinset=\"8\" data-aria-level=\"1\"><b><span data-contrast=\"none\">Trail des Jungfrau (Berna)<\/span><\/b><span data-contrast=\"none\">: En los Alpes, con vistas espectaculares del Jungfrau. Perfecta para los corredores que buscan un desaf\u00edo en un entorno \u00fanico.<\/span><span data-ccp-props=\"{&quot;134233117&quot;:false,&quot;134233118&quot;:false,&quot;335551550&quot;:6,&quot;335551620&quot;:6,&quot;335559738&quot;:240,&quot;335559739&quot;:240}\">\u00a0<\/span><\/li><\/ul><ul><li data-leveltext=\"\uf0b7\" data-font=\"Symbol\" data-listid=\"15\" data-list-defn-props=\"{&quot;335552541&quot;:1,&quot;335559685&quot;:720,&quot;335559991&quot;:360,&quot;469769226&quot;:&quot;Symbol&quot;,&quot;469769242&quot;:[8226],&quot;469777803&quot;:&quot;left&quot;,&quot;469777804&quot;:&quot;\uf0b7&quot;,&quot;469777815&quot;:&quot;hybridMultilevel&quot;}\" aria-setsize=\"-1\" data-aria-posinset=\"9\" data-aria-level=\"1\"><b><span data-contrast=\"none\">Trail des Trois Lacs (Neuch\u00e2tel)<\/span><\/b><span data-contrast=\"none\">: Una carrera junto a tres lagos, con senderos boscosos. Ideal para los amantes de los paisajes lacustres.<\/span><span data-ccp-props=\"{&quot;134233117&quot;:false,&quot;134233118&quot;:false,&quot;335551550&quot;:6,&quot;335551620&quot;:6,&quot;335559738&quot;:240,&quot;335559739&quot;:240}\">\u00a0<\/span><\/li><\/ul><ul><li data-leveltext=\"\uf0b7\" data-font=\"Symbol\" data-listid=\"15\" data-list-defn-props=\"{&quot;335552541&quot;:1,&quot;335559685&quot;:720,&quot;335559991&quot;:360,&quot;469769226&quot;:&quot;Symbol&quot;,&quot;469769242&quot;:[8226],&quot;469777803&quot;:&quot;left&quot;,&quot;469777804&quot;:&quot;\uf0b7&quot;,&quot;469777815&quot;:&quot;hybridMultilevel&quot;}\" aria-setsize=\"-1\" data-aria-posinset=\"10\" data-aria-level=\"1\"><b><span data-contrast=\"none\">Trail des Alpes Bernoises (Berna)<\/span><\/b><span data-contrast=\"none\">: En los Alpes, con paisajes de alta monta\u00f1a. Perfecta para los corredores que buscan un desaf\u00edo t\u00e9cnico.<\/span><span data-ccp-props=\"{&quot;134233117&quot;:false,&quot;134233118&quot;:false,&quot;335551550&quot;:6,&quot;335551620&quot;:6,&quot;335559738&quot;:240,&quot;335559739&quot;:240}\">\u00a0<\/span><\/li><\/ul><ul><li data-leveltext=\"\uf0b7\" data-font=\"Symbol\" data-listid=\"15\" data-list-defn-props=\"{&quot;335552541&quot;:1,&quot;335559685&quot;:720,&quot;335559991&quot;:360,&quot;469769226&quot;:&quot;Symbol&quot;,&quot;469769242&quot;:[8226],&quot;469777803&quot;:&quot;left&quot;,&quot;469777804&quot;:&quot;\uf0b7&quot;,&quot;469777815&quot;:&quot;hybridMultilevel&quot;}\" aria-setsize=\"-1\" data-aria-posinset=\"11\" data-aria-level=\"1\"><b><span data-contrast=\"none\">Trail des Pr\u00e9alpes Fribourgeoises (Friburgo)<\/span><\/b><span data-contrast=\"none\">: En los Prealpes, con senderos t\u00e9cnicos. Ideal para los corredores que buscan un desaf\u00edo en un entorno natural.<\/span><span data-ccp-props=\"{&quot;134233117&quot;:false,&quot;134233118&quot;:false,&quot;335551550&quot;:6,&quot;335551620&quot;:6,&quot;335559738&quot;:240,&quot;335559739&quot;:240}\">\u00a0<\/span><\/li><\/ul><ul><li data-leveltext=\"\uf0b7\" data-font=\"Symbol\" data-listid=\"15\" data-list-defn-props=\"{&quot;335552541&quot;:1,&quot;335559685&quot;:720,&quot;335559991&quot;:360,&quot;469769226&quot;:&quot;Symbol&quot;,&quot;469769242&quot;:[8226],&quot;469777803&quot;:&quot;left&quot;,&quot;469777804&quot;:&quot;\uf0b7&quot;,&quot;469777815&quot;:&quot;hybridMultilevel&quot;}\" aria-setsize=\"-1\" data-aria-posinset=\"12\" data-aria-level=\"1\"><b><span data-contrast=\"none\">Trail des Alpes Valaisannes (Valais)<\/span><\/b><span data-contrast=\"none\">: En los Alpes, con vistas espectaculares. Perfecta para los corredores que buscan un desaf\u00edo en un entorno \u00fanico.<\/span><span data-ccp-props=\"{&quot;134233117&quot;:false,&quot;134233118&quot;:false,&quot;335551550&quot;:6,&quot;335551620&quot;:6,&quot;335559738&quot;:240,&quot;335559739&quot;:240}\">\u00a0<\/span><\/li><\/ul>\t\t\t\t\t\t\t\t<\/div>\n\t\t\t\t<\/div>\n\t\t\t\t\t<\/div>\n\t\t\t\t<\/div>\n\t\t<div class=\"elementor-element elementor-element-bd05628 e-flex e-con-boxed e-con e-parent\" data-id=\"bd05628\" data-element_type=\"container\" data-e-type=\"container\">\n\t\t\t\t\t<div class=\"e-con-inner\">\n\t\t\t\t<div class=\"elementor-element elementor-element-d8391bd elementor-widget elementor-widget-heading\" data-id=\"d8391bd\" data-element_type=\"widget\" data-e-type=\"widget\" data-widget_type=\"heading.default\">\n\t\t\t\t<div class=\"elementor-widget-container\">\n\t\t\t\t\t<h2 class=\"elementor-heading-title elementor-size-default\">Conclusi\u00f3n: Prep\u00e1rate para Disfrutar del Trail Running <\/h2>\t\t\t\t<\/div>\n\t\t\t\t<\/div>\n\t\t\t\t\t<\/div>\n\t\t\t\t<\/div>\n\t\t<div class=\"elementor-element elementor-element-e432e34 e-flex e-con-boxed e-con e-parent\" data-id=\"e432e34\" data-element_type=\"container\" data-e-type=\"container\">\n\t\t\t\t\t<div class=\"e-con-inner\">\n\t\t\t\t<div class=\"elementor-element elementor-element-587aae6 elementor-widget elementor-widget-text-editor\" data-id=\"587aae6\" data-element_type=\"widget\" data-e-type=\"widget\" data-widget_type=\"text-editor.default\">\n\t\t\t\t<div class=\"elementor-widget-container\">\n\t\t\t\t\t\t\t\t\t<p><span data-contrast=\"none\">El <\/span><b><span data-contrast=\"none\">trail running<\/span><\/b><span data-contrast=\"none\"> es una experiencia \u00fanica que combina el desaf\u00edo f\u00edsico con la belleza de la naturaleza. Con un plan de <\/span><b><span data-contrast=\"none\">entrenamiento<\/span><\/b><span data-contrast=\"none\"> adecuado y la preparaci\u00f3n correcta, puedes afrontar un trail de 15 km con confianza y disfrutar al m\u00e1ximo de la experiencia. <\/span><span data-ccp-props=\"{&quot;134233117&quot;:false,&quot;134233118&quot;:false,&quot;335551550&quot;:6,&quot;335551620&quot;:6,&quot;335559738&quot;:0,&quot;335559739&quot;:0}\">\u00a0<\/span><\/p><p><span data-ccp-props=\"{&quot;134233117&quot;:false,&quot;134233118&quot;:false,&quot;335551550&quot;:6,&quot;335551620&quot;:6,&quot;335559738&quot;:0,&quot;335559739&quot;:0}\">\u00a0<\/span><span data-contrast=\"none\">Recuerda que cada corredor es diferente, y es importante adaptar el <\/span><b><span data-contrast=\"none\">entrenamiento<\/span><\/b><span data-contrast=\"none\"> a tus necesidades y nivel. En futuros art\u00edculos, te ofreceremos m\u00e1s <\/span><b><span data-contrast=\"none\">consejos<\/span><\/b><span data-contrast=\"none\"> y detalles sobre c\u00f3mo prepararte para carreras espec\u00edficas, as\u00ed como <\/span><b><span data-contrast=\"none\">calendarios de carreras<\/span><\/b><span data-contrast=\"none\"> actualizados.<\/span><span data-ccp-props=\"{&quot;134233117&quot;:false,&quot;134233118&quot;:false,&quot;335551550&quot;:6,&quot;335551620&quot;:6,&quot;335559738&quot;:0,&quot;335559739&quot;:0}\">\u00a0<\/span><\/p><p><span data-ccp-props=\"{&quot;134233117&quot;:false,&quot;134233118&quot;:false,&quot;335551550&quot;:6,&quot;335551620&quot;:6,&quot;335559738&quot;:0,&quot;335559739&quot;:0}\">\u00a0<\/span><span data-contrast=\"none\">Si quieres comenzar a preparar carreras de <\/span><b><span data-contrast=\"none\">trail running<\/span><\/b><span data-contrast=\"none\">, desde las m\u00e1s cortas hasta los ultratrails, no dudes en enviarnos un mensaje desde la secci\u00f3n de <\/span><a href=\"https:\/\/tradeandtrail.net\/es\/contacto\/\"><b><span data-contrast=\"none\">\u00abContacto\u00bb<\/span><\/b><\/a><span data-contrast=\"none\"> y estaremos encantados de poder establecer un plan personalizado de <\/span><b><span data-contrast=\"none\">entrenamiento<\/span><\/b><span data-contrast=\"none\"> para ti.<\/span><span data-ccp-props=\"{&quot;134233117&quot;:false,&quot;134233118&quot;:false,&quot;335551550&quot;:6,&quot;335551620&quot;:6,&quot;335559738&quot;:0,&quot;335559739&quot;:0}\">\u00a0<\/span><\/p><p><span data-ccp-props=\"{&quot;134233117&quot;:false,&quot;134233118&quot;:false,&quot;335551550&quot;:6,&quot;335551620&quot;:6,&quot;335559738&quot;:0,&quot;335559739&quot;:0}\">\u00a0<\/span><span data-contrast=\"none\">\u00bfListo para empezar tu aventura en el <\/span><b><span data-contrast=\"none\">trail running<\/span><\/b><span data-contrast=\"none\">? \u00a1No esperes m\u00e1s y comienza tu <\/span><b><span data-contrast=\"none\">plan de entrenamiento<\/span><\/b><span data-contrast=\"none\"> hoy mismo!<\/span><span data-ccp-props=\"{&quot;134233117&quot;:false,&quot;134233118&quot;:false,&quot;335551550&quot;:6,&quot;335551620&quot;:6,&quot;335559738&quot;:240,&quot;335559739&quot;:0}\">\u00a0<\/span><\/p><p><span data-ccp-props=\"{&quot;134233117&quot;:false,&quot;134233118&quot;:false,&quot;335551550&quot;:6,&quot;335551620&quot;:6,&quot;335559738&quot;:0,&quot;335559739&quot;:0}\">\u00a0<\/span><\/p>\t\t\t\t\t\t\t\t<\/div>\n\t\t\t\t<\/div>\n\t\t\t\t\t<\/div>\n\t\t\t\t<\/div>\n\t\t<div class=\"elementor-element elementor-element-b2315e7 e-flex e-con-boxed e-con e-parent\" data-id=\"b2315e7\" data-element_type=\"container\" data-e-type=\"container\">\n\t\t\t\t\t<div class=\"e-con-inner\">\n\t\t\t\t<div class=\"elementor-element elementor-element-b898786 elementor-widget elementor-widget-heading\" data-id=\"b898786\" data-element_type=\"widget\" data-e-type=\"widget\" data-widget_type=\"heading.default\">\n\t\t\t\t<div class=\"elementor-widget-container\">\n\t\t\t\t\t<h2 class=\"elementor-heading-title elementor-size-default\">Y recuerda... \u00a1YOU'LL NEVER RUN ALONE! <\/h2>\t\t\t\t<\/div>\n\t\t\t\t<\/div>\n\t\t\t\t\t<\/div>\n\t\t\t\t<\/div>\n\t\t\t\t<\/div>\n\t\t","protected":false},"excerpt":{"rendered":"<p>Como continuaci\u00f3n del anterior art\u00edculo en el que describ\u00edamos como comenzar en el trail running, este mes hemos querido centrar la publicaci\u00f3n mensual sobre trail running en un art\u00edculo centrado en c\u00f3mo comenzar a preparar las primeras carreras cortas en el mundo del trail. \u00a0 Este art\u00edculo ofrece ejercicios de fuerza y resistencia, un plan&#8230;<\/p>\n","protected":false},"author":1,"featured_media":0,"comment_status":"closed","ping_status":"open","sticky":false,"template":"","format":"standard","meta":{"_uag_custom_page_level_css":"","_kad_post_transparent":"","_kad_post_title":"","_kad_post_layout":"","_kad_post_sidebar_id":"","_kad_post_content_style":"","_kad_post_vertical_padding":"","_kad_post_feature":"","_kad_post_feature_position":"","_kad_post_header":false,"_kad_post_footer":false,"_kad_post_classname":"","footnotes":""},"categories":[44,23],"tags":[],"class_list":["post-3290","post","type-post","status-publish","format-standard","hentry","category-articulos-trail-running","category-trail-running"],"uagb_featured_image_src":{"full":false,"thumbnail":false,"medium":false,"medium_large":false,"large":false,"1536x1536":false,"2048x2048":false,"trp-custom-language-flag":false,"qi_addons_for_elementor_image_size_square":false,"qi_addons_for_elementor_image_size_landscape":false,"qi_addons_for_elementor_image_size_portrait":false,"qi_addons_for_elementor_image_size_huge-square":false},"uagb_author_info":{"display_name":"Trade &amp; Trail","author_link":"https:\/\/tradeandtrail.net\/es\/author\/tradeandtrail74gmail-com\/"},"uagb_comment_info":0,"uagb_excerpt":"Como continuaci\u00f3n del anterior art\u00edculo en el que describ\u00edamos como comenzar en el trail running, este mes hemos querido centrar la publicaci\u00f3n mensual sobre trail running en un art\u00edculo centrado en c\u00f3mo comenzar a preparar las primeras carreras cortas en el mundo del trail. \u00a0 Este art\u00edculo ofrece ejercicios de fuerza y resistencia, un plan...","rttpg_featured_image_url":null,"rttpg_author":{"display_name":"Trade &amp; Trail","author_link":"https:\/\/tradeandtrail.net\/es\/author\/tradeandtrail74gmail-com\/"},"rttpg_comment":0,"rttpg_category":"<a href=\"https:\/\/tradeandtrail.net\/es\/category\/trail-running\/articulos-trail-running\/\" rel=\"category tag\">Art\u00edculos<\/a> <a href=\"https:\/\/tradeandtrail.net\/es\/category\/trail-running\/\" rel=\"category tag\">Trail Running<\/a>","rttpg_excerpt":"Como continuaci\u00f3n del anterior art\u00edculo en el que describ\u00edamos como comenzar en el trail running, este mes hemos querido centrar la publicaci\u00f3n mensual sobre trail running en un art\u00edculo centrado en c\u00f3mo comenzar a preparar las primeras carreras cortas en el mundo del trail. \u00a0 Este art\u00edculo ofrece ejercicios de fuerza y resistencia, un plan...","_links":{"self":[{"href":"https:\/\/tradeandtrail.net\/es\/wp-json\/wp\/v2\/posts\/3290","targetHints":{"allow":["GET"]}}],"collection":[{"href":"https:\/\/tradeandtrail.net\/es\/wp-json\/wp\/v2\/posts"}],"about":[{"href":"https:\/\/tradeandtrail.net\/es\/wp-json\/wp\/v2\/types\/post"}],"author":[{"embeddable":true,"href":"https:\/\/tradeandtrail.net\/es\/wp-json\/wp\/v2\/users\/1"}],"replies":[{"embeddable":true,"href":"https:\/\/tradeandtrail.net\/es\/wp-json\/wp\/v2\/comments?post=3290"}],"version-history":[{"count":5,"href":"https:\/\/tradeandtrail.net\/es\/wp-json\/wp\/v2\/posts\/3290\/revisions"}],"predecessor-version":[{"id":3343,"href":"https:\/\/tradeandtrail.net\/es\/wp-json\/wp\/v2\/posts\/3290\/revisions\/3343"}],"wp:attachment":[{"href":"https:\/\/tradeandtrail.net\/es\/wp-json\/wp\/v2\/media?parent=3290"}],"wp:term":[{"taxonomy":"category","embeddable":true,"href":"https:\/\/tradeandtrail.net\/es\/wp-json\/wp\/v2\/categories?post=3290"},{"taxonomy":"post_tag","embeddable":true,"href":"https:\/\/tradeandtrail.net\/es\/wp-json\/wp\/v2\/tags?post=3290"}],"curies":[{"name":"wp","href":"https:\/\/api.w.org\/{rel}","templated":true}]}}