{"id":3886,"date":"2025-10-22T19:54:50","date_gmt":"2025-10-22T19:54:50","guid":{"rendered":"https:\/\/tradeandtrail.net\/es\/la-cita-es-este-domingo-todo-listo-para-el-medio-maraton-valencia-trinidad-alfonso-zurich\/"},"modified":"2025-10-22T20:27:06","modified_gmt":"2025-10-22T20:27:06","slug":"la-cita-es-este-domingo-todo-listo-para-el-medio-maraton-valencia-trinidad-alfonso-zurich","status":"publish","type":"post","link":"https:\/\/tradeandtrail.net\/es\/la-cita-es-este-domingo-todo-listo-para-el-medio-maraton-valencia-trinidad-alfonso-zurich\/","title":{"rendered":"La Cita Es Este Domingo! Todo Listo para el Medio Marat\u00f3n Valencia Trinidad Alfonso Zurich"},"content":{"rendered":"\t\t<div data-elementor-type=\"wp-post\" data-elementor-id=\"3886\" class=\"elementor elementor-3886\">\n\t\t\t\t<div class=\"elementor-element elementor-element-0d6d137 e-flex e-con-boxed e-con e-parent\" data-id=\"0d6d137\" data-element_type=\"container\" data-e-type=\"container\">\n\t\t\t\t\t<div class=\"e-con-inner\">\n\t\t\t\t<div class=\"elementor-element elementor-element-28676e5 elementor-position-top elementor-widget elementor-widget-image-box\" data-id=\"28676e5\" data-element_type=\"widget\" data-e-type=\"widget\" data-widget_type=\"image-box.default\">\n\t\t\t\t<div class=\"elementor-widget-container\">\n\t\t\t\t\t<div class=\"elementor-image-box-wrapper\"><figure class=\"elementor-image-box-img\"><img fetchpriority=\"high\" decoding=\"async\" width=\"1054\" height=\"626\" src=\"https:\/\/tradeandtrail.net\/wp-content\/uploads\/2025\/10\/media_mar_val.jpg\" class=\"attachment-full size-full wp-image-3906\" alt=\"\" srcset=\"https:\/\/tradeandtrail.net\/wp-content\/uploads\/2025\/10\/media_mar_val.jpg 1054w, https:\/\/tradeandtrail.net\/wp-content\/uploads\/2025\/10\/media_mar_val-300x178.jpg 300w, https:\/\/tradeandtrail.net\/wp-content\/uploads\/2025\/10\/media_mar_val-1024x608.jpg 1024w, https:\/\/tradeandtrail.net\/wp-content\/uploads\/2025\/10\/media_mar_val-768x456.jpg 768w, https:\/\/tradeandtrail.net\/wp-content\/uploads\/2025\/10\/media_mar_val-18x12.jpg 18w\" sizes=\"(max-width: 1054px) 100vw, 1054px\" \/><\/figure><div class=\"elementor-image-box-content\"><h3 class=\"elementor-image-box-title\">La capital del running se prepara para uno de sus eventos estrella.<\/h3><p class=\"elementor-image-box-description\">Este domingo 26 de octubre se celebra la edici\u00f3n n\u00famero 34 del Medio Marat\u00f3n Valencia Trinidad Alfonso Zurich, una carrera que promete emociones fuertes y que, un a\u00f1o m\u00e1s, ha agotado sus dorsales en tiempo r\u00e9cord.\n\nLa carrera, que ostenta r\u00e9cords mundiales en la distancia, comenzar\u00e1 a las 8:25 horas desde la Avenida de Tarongers.\n\nSe espera que miles de corredores, tanto \u00e9lite como populares, disfruten del rapid\u00edsimo circuito que recorre los puntos m\u00e1s emblem\u00e1ticos de la ciudad, dise\u00f1ado para conseguir las mejores marcas personales.\n\nEl evento no solo transformar\u00e1 la movilidad de la ciudad, sino que concentrar\u00e1 una gran actividad en la Expo 21K de Feria Valencia durante todo el fin de semana, sirviendo de pistoletazo de salida a la gran fiesta del fondo valenciano.**\u00a1NO TE LO PIERDAS!**\n\nTienes la informaci\u00f3n completa del evento, recorrido, horarios y cortes de tr\u00e1fico en el siguiente enlace:<br>&nbsp;https:\/\/www.valenciaciudaddelrunning.com\/medio\/noticias-medio-maraton\/<\/p><\/div><\/div>\t\t\t\t<\/div>\n\t\t\t\t<\/div>\n\t\t\t\t\t<\/div>\n\t\t\t\t<\/div>\n\t\t<div class=\"elementor-element elementor-element-49ba1718 e-flex e-con-boxed e-con e-parent\" data-id=\"49ba1718\" data-element_type=\"container\" data-e-type=\"container\">\n\t\t\t\t\t<div class=\"e-con-inner\">\n\t\t\t\t<div class=\"elementor-element elementor-element-39796460 elementor-widget elementor-widget-text-editor\" data-id=\"39796460\" data-element_type=\"widget\" data-e-type=\"widget\" data-widget_type=\"text-editor.default\">\n\t\t\t\t<div class=\"elementor-widget-container\">\n\t\t\t\t\t\t\t\t\t<p>\u00a0<\/p><p>\u00a0<\/p>\t\t\t\t\t\t\t\t<\/div>\n\t\t\t\t<\/div>\n\t\t\t\t\t<\/div>\n\t\t\t\t<\/div>\n\t\t\t\t<\/div>\n\t\t","protected":false},"excerpt":{"rendered":"<p>La capital del running se prepara para uno de sus eventos estrella. Este domingo 26 de octubre se celebra la edici\u00f3n n\u00famero 34 del Medio Marat\u00f3n Valencia Trinidad Alfonso Zurich, una carrera que promete emociones fuertes y que, un a\u00f1o m\u00e1s, ha agotado sus dorsales en tiempo r\u00e9cord. La carrera, que ostenta r\u00e9cords mundiales en&#8230;<\/p>\n","protected":false},"author":1,"featured_media":0,"comment_status":"open","ping_status":"open","sticky":false,"template":"","format":"standard","meta":{"_uag_custom_page_level_css":"","_kad_post_transparent":"","_kad_post_title":"","_kad_post_layout":"","_kad_post_sidebar_id":"","_kad_post_content_style":"","_kad_post_vertical_padding":"","_kad_post_feature":"","_kad_post_feature_position":"","_kad_post_header":false,"_kad_post_footer":false,"_kad_post_classname":"","footnotes":""},"categories":[43],"tags":[],"class_list":["post-3886","post","type-post","status-publish","format-standard","hentry","category-noticias-running"],"uagb_featured_image_src":{"full":false,"thumbnail":false,"medium":false,"medium_large":false,"large":false,"1536x1536":false,"2048x2048":false,"trp-custom-language-flag":false,"qi_addons_for_elementor_image_size_square":false,"qi_addons_for_elementor_image_size_landscape":false,"qi_addons_for_elementor_image_size_portrait":false,"qi_addons_for_elementor_image_size_huge-square":false},"uagb_author_info":{"display_name":"Trade &amp; Trail","author_link":"https:\/\/tradeandtrail.net\/es\/author\/tradeandtrail74gmail-com\/"},"uagb_comment_info":943,"uagb_excerpt":"La capital del running se prepara para uno de sus eventos estrella. Este domingo 26 de octubre se celebra la edici\u00f3n n\u00famero 34 del Medio Marat\u00f3n Valencia Trinidad Alfonso Zurich, una carrera que promete emociones fuertes y que, un a\u00f1o m\u00e1s, ha agotado sus dorsales en tiempo r\u00e9cord. La carrera, que ostenta r\u00e9cords mundiales en...","rttpg_featured_image_url":null,"rttpg_author":{"display_name":"Trade &amp; Trail","author_link":"https:\/\/tradeandtrail.net\/es\/author\/tradeandtrail74gmail-com\/"},"rttpg_comment":943,"rttpg_category":"<a href=\"https:\/\/tradeandtrail.net\/es\/category\/running\/noticias-running\/\" rel=\"category tag\">Noticias<\/a>","rttpg_excerpt":"La capital del running se prepara para uno de sus eventos estrella. Este domingo 26 de octubre se celebra la edici\u00f3n n\u00famero 34 del Medio Marat\u00f3n Valencia Trinidad Alfonso Zurich, una carrera que promete emociones fuertes y que, un a\u00f1o m\u00e1s, ha agotado sus dorsales en tiempo r\u00e9cord. La carrera, que ostenta r\u00e9cords mundiales en...","_links":{"self":[{"href":"https:\/\/tradeandtrail.net\/es\/wp-json\/wp\/v2\/posts\/3886","targetHints":{"allow":["GET"]}}],"collection":[{"href":"https:\/\/tradeandtrail.net\/es\/wp-json\/wp\/v2\/posts"}],"about":[{"href":"https:\/\/tradeandtrail.net\/es\/wp-json\/wp\/v2\/types\/post"}],"author":[{"embeddable":true,"href":"https:\/\/tradeandtrail.net\/es\/wp-json\/wp\/v2\/users\/1"}],"replies":[{"embeddable":true,"href":"https:\/\/tradeandtrail.net\/es\/wp-json\/wp\/v2\/comments?post=3886"}],"version-history":[{"count":6,"href":"https:\/\/tradeandtrail.net\/es\/wp-json\/wp\/v2\/posts\/3886\/revisions"}],"predecessor-version":[{"id":3909,"href":"https:\/\/tradeandtrail.net\/es\/wp-json\/wp\/v2\/posts\/3886\/revisions\/3909"}],"wp:attachment":[{"href":"https:\/\/tradeandtrail.net\/es\/wp-json\/wp\/v2\/media?parent=3886"}],"wp:term":[{"taxonomy":"category","embeddable":true,"href":"https:\/\/tradeandtrail.net\/es\/wp-json\/wp\/v2\/categories?post=3886"},{"taxonomy":"post_tag","embeddable":true,"href":"https:\/\/tradeandtrail.net\/es\/wp-json\/wp\/v2\/tags?post=3886"}],"curies":[{"name":"wp","href":"https:\/\/api.w.org\/{rel}","templated":true}]}}