{"id":3915,"date":"2025-11-01T10:24:01","date_gmt":"2025-11-01T10:24:01","guid":{"rendered":"https:\/\/tradeandtrail.net\/?p=3915"},"modified":"2025-11-01T10:34:49","modified_gmt":"2025-11-01T10:34:49","slug":"%f0%9f%87%aa%f0%9f%87%ba%f0%9f%a4%9d%f0%9f%87%ba%f0%9f%87%a6-nuevo-marco-comercial-ue-ucrania-el-refuerzo-geopolitico-del-libre-comercio","status":"publish","type":"post","link":"https:\/\/tradeandtrail.net\/es\/%f0%9f%87%aa%f0%9f%87%ba%f0%9f%a4%9d%f0%9f%87%ba%f0%9f%87%a6-nuevo-marco-comercial-ue-ucrania-el-refuerzo-geopolitico-del-libre-comercio\/","title":{"rendered":"\ud83c\uddea\ud83c\uddfa\ud83e\udd1d\ud83c\uddfa\ud83c\udde6 Nuevo Marco Comercial UE-Ucrania: El Refuerzo Geopol\u00edtico del Libre Comercio"},"content":{"rendered":"\t\t<div data-elementor-type=\"wp-post\" data-elementor-id=\"3915\" class=\"elementor elementor-3915\">\n\t\t\t\t<div class=\"elementor-element elementor-element-a4b6844 e-flex e-con-boxed e-con e-parent\" data-id=\"a4b6844\" data-element_type=\"container\" data-e-type=\"container\">\n\t\t\t\t\t<div class=\"e-con-inner\">\n\t\t\t\t<div class=\"elementor-element elementor-element-49da221 elementor-position-top elementor-widget elementor-widget-image-box\" data-id=\"49da221\" data-element_type=\"widget\" data-e-type=\"widget\" data-widget_type=\"image-box.default\">\n\t\t\t\t<div class=\"elementor-widget-container\">\n\t\t\t\t\t<div class=\"elementor-image-box-wrapper\"><figure class=\"elementor-image-box-img\"><img fetchpriority=\"high\" decoding=\"async\" width=\"640\" height=\"427\" src=\"https:\/\/tradeandtrail.net\/wp-content\/uploads\/2025\/11\/Acuerdo-UE-Ucrania.png\" class=\"attachment-full size-full wp-image-3917\" alt=\"\" srcset=\"https:\/\/tradeandtrail.net\/wp-content\/uploads\/2025\/11\/Acuerdo-UE-Ucrania.png 640w, https:\/\/tradeandtrail.net\/wp-content\/uploads\/2025\/11\/Acuerdo-UE-Ucrania-300x200.png 300w, https:\/\/tradeandtrail.net\/wp-content\/uploads\/2025\/11\/Acuerdo-UE-Ucrania-18x12.png 18w\" sizes=\"(max-width: 640px) 100vw, 640px\" \/><\/figure><div class=\"elementor-image-box-content\"><h3 class=\"elementor-image-box-title\">El panorama del comercio internacional se reconfigura esta semana con la entrada en vigor de un nuevo y robusto marco comercial entre la Uni\u00f3n Europea (UE) y Ucrania<\/h3><p class=\"elementor-image-box-description\">Este acuerdo, que la Comisi\u00f3n Europea ha decsrito como \"mejorado, estable, justo y permanente\", trasciende lo econ\u00f3mico para convertirse en un pilar clave de la estrategia geopol\u00edtica de la UE<\/p><\/div><\/div>\t\t\t\t<\/div>\n\t\t\t\t<\/div>\n\t\t\t\t\t<\/div>\n\t\t\t\t<\/div>\n\t\t<div class=\"elementor-element elementor-element-0f8af6b e-flex e-con-boxed e-con e-parent\" data-id=\"0f8af6b\" data-element_type=\"container\" data-e-type=\"container\">\n\t\t\t\t\t<div class=\"e-con-inner\">\n\t\t\t\t<div class=\"elementor-element elementor-element-6d69123 elementor-widget elementor-widget-heading\" data-id=\"6d69123\" data-element_type=\"widget\" data-e-type=\"widget\" data-widget_type=\"heading.default\">\n\t\t\t\t<div class=\"elementor-widget-container\">\n\t\t\t\t\t<h2 class=\"elementor-heading-title elementor-size-default\">El Equilibrio entre Apoyo Pol\u00edtico y Protecci\u00f3n Agr\u00edcola<\/h2>\t\t\t\t<\/div>\n\t\t\t\t<\/div>\n\t\t\t\t\t<\/div>\n\t\t\t\t<\/div>\n\t\t<div class=\"elementor-element elementor-element-1f4d833 e-flex e-con-boxed e-con e-parent\" data-id=\"1f4d833\" data-element_type=\"container\" data-e-type=\"container\">\n\t\t\t\t\t<div class=\"e-con-inner\">\n\t\t\t\t<div class=\"elementor-element elementor-element-341e8e3 elementor-widget elementor-widget-text-editor\" data-id=\"341e8e3\" data-element_type=\"widget\" data-e-type=\"widget\" data-widget_type=\"text-editor.default\">\n\t\t\t\t<div class=\"elementor-widget-container\">\n\t\t\t\t\t\t\t\t\t<p><span style=\"font-weight: 400;\">Este nuevo pacto es una <\/span><b>evoluci\u00f3n de las medidas de liberalizaci\u00f3n arancelaria que la UE<\/b><span style=\"font-weight: 400;\"> otorg\u00f3 a Ucrania tras la invasi\u00f3n rusa. <\/span><\/p><p><span style=\"font-weight: 400;\">Si bien busca un profundo acercamiento comercial, incorpora mecanismos cruciales para gestionar las tensiones internas en el bloque europeo:<\/span><\/p><ul><li style=\"font-weight: 400;\" aria-level=\"1\"><span style=\"font-weight: 400;\">El acuerdo solidifica una <\/span><b>zona de libre comercio de alcance amplio y profundo<\/b><span style=\"font-weight: 400;\">, facilitando el flujo de bienes y servicios y <\/span><b>asegurando la integraci\u00f3n de Ucrania en las cadenas de valor europeas<\/b><span style=\"font-weight: 400;\">. Es una se\u00f1al de apoyo a largo plazo a la econom\u00eda ucraniana en medio del conflicto.<\/span><\/li><li style=\"font-weight: 400;\" aria-level=\"1\"><span style=\"font-weight: 400;\">La novedad m\u00e1s relevante es la <\/span><b>cl\u00e1usula de salvaguardia robusta<\/b><span style=\"font-weight: 400;\"> y las restricciones espec\u00edficas para productos sensibles. Atendiendo a las quejas de agricultores de los pa\u00edses del Este de la UE, el acuerdo establece <\/span><b>l\u00edmites controlados<\/b><span style=\"font-weight: 400;\"> al incremento de las importaciones de productos como:<\/span><ul><li style=\"font-weight: 400;\" aria-level=\"2\"><span style=\"font-weight: 400;\">Trigo y Ma\u00edz<\/span><\/li><li style=\"font-weight: 400;\" aria-level=\"2\"><span style=\"font-weight: 400;\">Az\u00facar, Miel<\/span><\/li><li style=\"font-weight: 400;\" aria-level=\"2\"><span style=\"font-weight: 400;\">Aves de Corral y Huevos<\/span><\/li><\/ul><\/li><\/ul><p><span style=\"font-weight: 400;\">Este mecanismo de defensa permite a cualquiera de las partes solicitar medidas si las importaciones \u00abliberalizadas\u00bb causan graves dificultades econ\u00f3micas, buscando un <\/span><b>equilibrio justo<\/b><span style=\"font-weight: 400;\"> entre la ayuda a Kiev y la defensa de los sectores productivos de la UE.<\/span><\/p>\t\t\t\t\t\t\t\t<\/div>\n\t\t\t\t<\/div>\n\t\t\t\t\t<\/div>\n\t\t\t\t<\/div>\n\t\t<div class=\"elementor-element elementor-element-b553442 e-flex e-con-boxed e-con e-parent\" data-id=\"b553442\" data-element_type=\"container\" data-e-type=\"container\">\n\t\t\t\t\t<div class=\"e-con-inner\">\n\t\t\t\t<div class=\"elementor-element elementor-element-f390e10 elementor-widget elementor-widget-heading\" data-id=\"f390e10\" data-element_type=\"widget\" data-e-type=\"widget\" data-widget_type=\"heading.default\">\n\t\t\t\t<div class=\"elementor-widget-container\">\n\t\t\t\t\t<h2 class=\"elementor-heading-title elementor-size-default\">Implicaciones para el Comercio y la Inversi\u00f3n<\/h2>\t\t\t\t<\/div>\n\t\t\t\t<\/div>\n\t\t\t\t\t<\/div>\n\t\t\t\t<\/div>\n\t\t<div class=\"elementor-element elementor-element-b3ec0f5 e-flex e-con-boxed e-con e-parent\" data-id=\"b3ec0f5\" data-element_type=\"container\" data-e-type=\"container\">\n\t\t\t\t\t<div class=\"e-con-inner\">\n\t\t\t\t<div class=\"elementor-element elementor-element-c505e03 elementor-widget elementor-widget-text-editor\" data-id=\"c505e03\" data-element_type=\"widget\" data-e-type=\"widget\" data-widget_type=\"text-editor.default\">\n\t\t\t\t<div class=\"elementor-widget-container\">\n\t\t\t\t\t\t\t\t\t<p><span style=\"font-weight: 400;\">La puesta en marcha de este marco tendr\u00e1 dos efectos principales:<\/span><\/p><ol><li style=\"font-weight: 400;\" aria-level=\"1\"><b>Fomento de la Inversi\u00f3n:<\/b><span style=\"font-weight: 400;\"> Al dotar de <\/span><b>previsibilidad<\/b><span style=\"font-weight: 400;\"> y estabilidad al comercio bilateral. El acuerdo incentiva a las empresas europeas a invertir en Ucrania, especialmente en la reconstrucci\u00f3n y en la reubicaci\u00f3n de cadenas de suministro.<\/span><\/li><li><b>Un Modelo de \u00abComercio Bajo Tensi\u00f3n\u00bb:<\/b><span style=\"font-weight: 400;\"> Este pacto sienta un precedente sobre c\u00f3mo los grandes bloques econ\u00f3micos pueden manejar la <\/span><b>liberalizaci\u00f3n comercial en escenarios de conflicto<\/b><span style=\"font-weight: 400;\"> y riesgo geopol\u00edtico, usando el comercio como una herramienta de pol\u00edtica exterior activa<\/span><\/li><\/ol><p><span style=\"font-weight: 400;\">Para mas informaci\u00f3n sobre este Acuerdo, se puede consultar la pa\u01f5ina de la Comisi\u00f3n Europea: <\/span><\/p><p><span style=\"font-weight: 400;\"><strong><a href=\"https:\/\/ec.europa.eu\/commission\/presscorner\/detail\/es\/ip_25_1672\">La UE y Ucrania alcanzan un acuerdo de principio sobre una relaci\u00f3n comercial modernizada<\/a><\/strong><\/span><\/p><p>\u00a0<\/p>\t\t\t\t\t\t\t\t<\/div>\n\t\t\t\t<\/div>\n\t\t\t\t\t<\/div>\n\t\t\t\t<\/div>\n\t\t\t\t<\/div>\n\t\t","protected":false},"excerpt":{"rendered":"<p>El panorama del comercio internacional se reconfigura esta semana con la entrada en vigor de un nuevo y robusto marco comercial entre la Uni\u00f3n Europea (UE) y Ucrania Este acuerdo, que la Comisi\u00f3n Europea ha decsrito como \u00abmejorado, estable, justo y permanente\u00bb, trasciende lo econ\u00f3mico para convertirse en un pilar clave de la estrategia geopol\u00edtica&#8230;<\/p>\n","protected":false},"author":1,"featured_media":0,"comment_status":"open","ping_status":"open","sticky":false,"template":"","format":"standard","meta":{"_uag_custom_page_level_css":"","_kad_post_transparent":"","_kad_post_title":"","_kad_post_layout":"","_kad_post_sidebar_id":"","_kad_post_content_style":"","_kad_post_vertical_padding":"","_kad_post_feature":"","_kad_post_feature_position":"","_kad_post_header":false,"_kad_post_footer":false,"_kad_post_classname":"","footnotes":""},"categories":[37],"tags":[],"class_list":["post-3915","post","type-post","status-publish","format-standard","hentry","category-noticias"],"uagb_featured_image_src":{"full":false,"thumbnail":false,"medium":false,"medium_large":false,"large":false,"1536x1536":false,"2048x2048":false,"trp-custom-language-flag":false,"qi_addons_for_elementor_image_size_square":false,"qi_addons_for_elementor_image_size_landscape":false,"qi_addons_for_elementor_image_size_portrait":false,"qi_addons_for_elementor_image_size_huge-square":false},"uagb_author_info":{"display_name":"Trade &amp; Trail","author_link":"https:\/\/tradeandtrail.net\/es\/author\/tradeandtrail74gmail-com\/"},"uagb_comment_info":11,"uagb_excerpt":"El panorama del comercio internacional se reconfigura esta semana con la entrada en vigor de un nuevo y robusto marco comercial entre la Uni\u00f3n Europea (UE) y Ucrania Este acuerdo, que la Comisi\u00f3n Europea ha decsrito como \u00abmejorado, estable, justo y permanente\u00bb, trasciende lo econ\u00f3mico para convertirse en un pilar clave de la estrategia geopol\u00edtica...","rttpg_featured_image_url":null,"rttpg_author":{"display_name":"Trade &amp; Trail","author_link":"https:\/\/tradeandtrail.net\/es\/author\/tradeandtrail74gmail-com\/"},"rttpg_comment":11,"rttpg_category":"<a href=\"https:\/\/tradeandtrail.net\/es\/category\/comercio-internacional\/noticias\/\" rel=\"category tag\">Noticias<\/a>","rttpg_excerpt":"El panorama del comercio internacional se reconfigura esta semana con la entrada en vigor de un nuevo y robusto marco comercial entre la Uni\u00f3n Europea (UE) y Ucrania Este acuerdo, que la Comisi\u00f3n Europea ha decsrito como \u00abmejorado, estable, justo y permanente\u00bb, trasciende lo econ\u00f3mico para convertirse en un pilar clave de la estrategia geopol\u00edtica...","_links":{"self":[{"href":"https:\/\/tradeandtrail.net\/es\/wp-json\/wp\/v2\/posts\/3915","targetHints":{"allow":["GET"]}}],"collection":[{"href":"https:\/\/tradeandtrail.net\/es\/wp-json\/wp\/v2\/posts"}],"about":[{"href":"https:\/\/tradeandtrail.net\/es\/wp-json\/wp\/v2\/types\/post"}],"author":[{"embeddable":true,"href":"https:\/\/tradeandtrail.net\/es\/wp-json\/wp\/v2\/users\/1"}],"replies":[{"embeddable":true,"href":"https:\/\/tradeandtrail.net\/es\/wp-json\/wp\/v2\/comments?post=3915"}],"version-history":[{"count":7,"href":"https:\/\/tradeandtrail.net\/es\/wp-json\/wp\/v2\/posts\/3915\/revisions"}],"predecessor-version":[{"id":3923,"href":"https:\/\/tradeandtrail.net\/es\/wp-json\/wp\/v2\/posts\/3915\/revisions\/3923"}],"wp:attachment":[{"href":"https:\/\/tradeandtrail.net\/es\/wp-json\/wp\/v2\/media?parent=3915"}],"wp:term":[{"taxonomy":"category","embeddable":true,"href":"https:\/\/tradeandtrail.net\/es\/wp-json\/wp\/v2\/categories?post=3915"},{"taxonomy":"post_tag","embeddable":true,"href":"https:\/\/tradeandtrail.net\/es\/wp-json\/wp\/v2\/tags?post=3915"}],"curies":[{"name":"wp","href":"https:\/\/api.w.org\/{rel}","templated":true}]}}