{"id":3974,"date":"2025-11-09T18:07:12","date_gmt":"2025-11-09T18:07:12","guid":{"rendered":"https:\/\/tradeandtrail.net\/es\/%f0%9f%8f%94%ef%b8%8f-cierre-epico-del-utmb-world-series-europe-2025-namberger-e-isla-smith-triunfan-en-el-mallorca-by-utmb\/"},"modified":"2025-11-09T18:21:35","modified_gmt":"2025-11-09T18:21:35","slug":"%f0%9f%8f%94%ef%b8%8f-cierre-epico-del-utmb-world-series-europe-2025-namberger-e-isla-smith-triunfan-en-el-mallorca-by-utmb","status":"publish","type":"post","link":"https:\/\/tradeandtrail.net\/es\/%f0%9f%8f%94%ef%b8%8f-cierre-epico-del-utmb-world-series-europe-2025-namberger-e-isla-smith-triunfan-en-el-mallorca-by-utmb\/","title":{"rendered":"\ud83c\udfd4\ufe0f Cierre \u00c9pico del UTMB World Series Europe 2025: Namberger e Isla Smith triunfan en el Mallorca by UTMB"},"content":{"rendered":"\t\t<div data-elementor-type=\"wp-post\" data-elementor-id=\"3974\" class=\"elementor elementor-3974\">\n\t\t\t\t<div class=\"elementor-element elementor-element-5a217af e-flex e-con-boxed e-con e-parent\" data-id=\"5a217af\" data-element_type=\"container\" data-e-type=\"container\">\n\t\t\t\t\t<div class=\"e-con-inner\">\n\t\t\t\t<div class=\"elementor-element elementor-element-2328896 elementor-position-top elementor-widget elementor-widget-image-box\" data-id=\"2328896\" data-element_type=\"widget\" data-e-type=\"widget\" data-widget_type=\"image-box.default\">\n\t\t\t\t<div class=\"elementor-widget-container\">\n\t\t\t\t\t<div class=\"elementor-image-box-wrapper\"><figure class=\"elementor-image-box-img\"><img fetchpriority=\"high\" decoding=\"async\" width=\"611\" height=\"426\" src=\"https:\/\/tradeandtrail.net\/wp-content\/uploads\/2025\/11\/UTMB-Mallorca.png\" class=\"attachment-full size-full wp-image-3975\" alt=\"\" srcset=\"https:\/\/tradeandtrail.net\/wp-content\/uploads\/2025\/11\/UTMB-Mallorca.png 611w, https:\/\/tradeandtrail.net\/wp-content\/uploads\/2025\/11\/UTMB-Mallorca-300x209.png 300w, https:\/\/tradeandtrail.net\/wp-content\/uploads\/2025\/11\/UTMB-Mallorca-18x12.png 18w\" sizes=\"(max-width: 611px) 100vw, 611px\" \/><\/figure><div class=\"elementor-image-box-content\"><h3 class=\"elementor-image-box-title\">\u00a1La Serra de Tramuntana vibr\u00f3 con el gran final del circuito europeo!<\/h3><\/div><\/div>\t\t\t\t<\/div>\n\t\t\t\t<\/div>\n\t\t\t\t\t<\/div>\n\t\t\t\t<\/div>\n\t\t<div class=\"elementor-element elementor-element-f01a3df e-flex e-con-boxed e-con e-parent\" data-id=\"f01a3df\" data-element_type=\"container\" data-e-type=\"container\">\n\t\t\t\t\t<div class=\"e-con-inner\">\n\t\t\t\t<div class=\"elementor-element elementor-element-5bd21eb elementor-widget elementor-widget-heading\" data-id=\"5bd21eb\" data-element_type=\"widget\" data-e-type=\"widget\" data-widget_type=\"heading.default\">\n\t\t\t\t<div class=\"elementor-widget-container\">\n\t\t\t\t\t<h2 class=\"elementor-heading-title elementor-size-default\">SDT 138 km: Dominio absoluto de Namberger e Isla Smith<\/h2>\t\t\t\t<\/div>\n\t\t\t\t<\/div>\n\t\t\t\t\t<\/div>\n\t\t\t\t<\/div>\n\t\t<div class=\"elementor-element elementor-element-c611bd2 e-flex e-con-boxed e-con e-parent\" data-id=\"c611bd2\" data-element_type=\"container\" data-e-type=\"container\">\n\t\t\t\t\t<div class=\"e-con-inner\">\n\t\t\t\t<div class=\"elementor-element elementor-element-0416de0 elementor-widget elementor-widget-text-editor\" data-id=\"0416de0\" data-element_type=\"widget\" data-e-type=\"widget\" data-widget_type=\"text-editor.default\">\n\t\t\t\t<div class=\"elementor-widget-container\">\n\t\t\t\t\t\t\t\t\t<p>Mallorca by UTMB 2025, \u00faltima prueba del UTMB World Series Europe 2025, reuni\u00f3 a m\u00e1s de 2.300 corredores de 70 pa\u00edses en un fin de semana inolvidable de trail running.<\/p><p>Las cuatro distancias recorrieron los senderos m\u00e1s emblem\u00e1ticos de la Tramuntana (Patrimonio UNESCO), combinando dureza t\u00e9cnica, vistas al Mediterr\u00e1neo y un aut\u00e9ntico ambiente de monta\u00f1a.<\/p><p>En la distancia reina (138 km, 5.350 m D+), el alem\u00e1n Hannes Namberger vol\u00f3 hasta la victoria en 13:37:31, seguido por el espa\u00f1ol Pau Capell (14:02:18), en un regreso triunfal tras lesiones. Complet\u00f3 el podio Petter Engdahl (14:28:07).<\/p><p>En mujeres, la neozelandesa y residente en Mallorca, Isla Smith conquist\u00f3 la primera plaza con 18:12:55, emocionando al p\u00fablico en meta. \u201cLa Tramuntana te exige, pero te regala magia\u201d, dijo entre aplausos. El segundo puesto fue para la espa\u00f1ola Azara Garc\u00eda de los Salmones (18:47:03) y la tercera plaza para Ragna Debats (19:21:10).<\/p>\t\t\t\t\t\t\t\t<\/div>\n\t\t\t\t<\/div>\n\t\t\t\t\t<\/div>\n\t\t\t\t<\/div>\n\t\t<div class=\"elementor-element elementor-element-5e5a62e e-flex e-con-boxed e-con e-parent\" data-id=\"5e5a62e\" data-element_type=\"container\" data-e-type=\"container\">\n\t\t\t\t\t<div class=\"e-con-inner\">\n\t\t\t\t<div class=\"elementor-element elementor-element-f53e26e elementor-widget elementor-widget-heading\" data-id=\"f53e26e\" data-element_type=\"widget\" data-e-type=\"widget\" data-widget_type=\"heading.default\">\n\t\t\t\t<div class=\"elementor-widget-container\">\n\t\t\t\t\t<h4 class=\"elementor-heading-title elementor-size-default\">Pau Capell, el regreso del campe\u00f3n <\/h4>\t\t\t\t<\/div>\n\t\t\t\t<\/div>\n\t\t\t\t\t<\/div>\n\t\t\t\t<\/div>\n\t\t<div class=\"elementor-element elementor-element-a3af814 e-flex e-con-boxed e-con e-parent\" data-id=\"a3af814\" data-element_type=\"container\" data-e-type=\"container\">\n\t\t\t\t\t<div class=\"e-con-inner\">\n\t\t\t\t<div class=\"elementor-element elementor-element-2c3c075 elementor-widget elementor-widget-text-editor\" data-id=\"2c3c075\" data-element_type=\"widget\" data-e-type=\"widget\" data-widget_type=\"text-editor.default\">\n\t\t\t\t<div class=\"elementor-widget-container\">\n\t\t\t\t\t\t\t\t\t<p><span class=\"TextRun SCXW228120379 BCX0\" lang=\"ES-ES\" xml:lang=\"ES-ES\" data-contrast=\"auto\"><span class=\"NormalTextRun SCXW228120379 BCX0\">Este segundo puesto es un b\u00e1lsamo para\u00a0<\/span><\/span><span class=\"TextRun SCXW228120379 BCX0\" lang=\"ES-ES\" xml:lang=\"ES-ES\" data-contrast=\"auto\"><span class=\"NormalTextRun SCXW228120379 BCX0\">Pau\u00a0<\/span><span class=\"NormalTextRun SpellingErrorV2Themed SCXW228120379 BCX0\">Capell<\/span><\/span><span class=\"TextRun SCXW228120379 BCX0\" lang=\"ES-ES\" xml:lang=\"ES-ES\" data-contrast=\"auto\"><span class=\"NormalTextRun SCXW228120379 BCX0\">\u00a0tras una temporada complicada marcada por lesiones y una ardua recuperaci\u00f3n. El catal\u00e1n, que brill\u00f3 como vencedor del UTMB Mont-Blanc en 2019, demuestra que vuelve por sus fueros: fuerte, ambicioso y listo para pelear por m\u00e1s podios en 2026. <\/span><\/span><\/p><p><span class=\"TextRun SCXW228120379 BCX0\" lang=\"ES-ES\" xml:lang=\"ES-ES\" data-contrast=\"auto\"><span class=\"NormalTextRun SCXW228120379 BCX0\">\u00a1Bienvenido de vuelta, Pau!<\/span><\/span><span class=\"EOP SCXW228120379 BCX0\" data-ccp-props=\"{&quot;134233117&quot;:false,&quot;134233118&quot;:false,&quot;335551550&quot;:0,&quot;335551620&quot;:0,&quot;335559738&quot;:240,&quot;335559739&quot;:240}\">\u00a0<\/span><\/p>\t\t\t\t\t\t\t\t<\/div>\n\t\t\t\t<\/div>\n\t\t\t\t\t<\/div>\n\t\t\t\t<\/div>\n\t\t<div class=\"elementor-element elementor-element-b65bb41 e-flex e-con-boxed e-con e-parent\" data-id=\"b65bb41\" data-element_type=\"container\" data-e-type=\"container\">\n\t\t\t\t\t<div class=\"e-con-inner\">\n\t\t\t\t<div class=\"elementor-element elementor-element-17a9708 elementor-widget elementor-widget-heading\" data-id=\"17a9708\" data-element_type=\"widget\" data-e-type=\"widget\" data-widget_type=\"heading.default\">\n\t\t\t\t<div class=\"elementor-widget-container\">\n\t\t\t\t\t<h4 class=\"elementor-heading-title elementor-size-default\">Azara Garc\u00eda de los Salmones, orgullo espa\u00f1ol <\/h4>\t\t\t\t<\/div>\n\t\t\t\t<\/div>\n\t\t\t\t\t<\/div>\n\t\t\t\t<\/div>\n\t\t<div class=\"elementor-element elementor-element-253b3ec e-flex e-con-boxed e-con e-parent\" data-id=\"253b3ec\" data-element_type=\"container\" data-e-type=\"container\">\n\t\t\t\t\t<div class=\"e-con-inner\">\n\t\t\t\t<div class=\"elementor-element elementor-element-e28c11d elementor-widget elementor-widget-text-editor\" data-id=\"e28c11d\" data-element_type=\"widget\" data-e-type=\"widget\" data-widget_type=\"text-editor.default\">\n\t\t\t\t<div class=\"elementor-widget-container\">\n\t\t\t\t\t\t\t\t\t<p><span class=\"TextRun SCXW87761942 BCX0\" lang=\"ES-ES\" xml:lang=\"ES-ES\" data-contrast=\"auto\"><span class=\"NormalTextRun SCXW87761942 BCX0\">Azara Garc\u00eda de los Salmones<\/span><\/span><span class=\"TextRun SCXW87761942 BCX0\" lang=\"ES-ES\" xml:lang=\"ES-ES\" data-contrast=\"auto\"><span class=\"NormalTextRun SCXW87761942 BCX0\">\u00a0no decepciona nunca. Como una de las mejores corredoras espa\u00f1olas de\u00a0<\/span><span class=\"NormalTextRun SpellingErrorV2Themed SCXW87761942 BCX0\">trail<\/span><span class=\"NormalTextRun SCXW87761942 BCX0\">, su\u00a0<\/span><span class=\"NormalTextRun SCXW87761942 BCX0\">segundo puesto\u00a0<\/span><span class=\"NormalTextRun SCXW87761942 BCX0\">aqu\u00ed refuerza su estatus de elite, con un palmar\u00e9s que incluye victorias en UTMB\u00a0<\/span><span class=\"NormalTextRun SpellingErrorV2Themed SCXW87761942 BCX0\">World<\/span><span class=\"NormalTextRun SCXW87761942 BCX0\">\u00a0Series y una consistencia\u00a0<\/span><span class=\"NormalTextRun SCXW87761942 BCX0\">durante toda la temporada.\u00a0<\/span><\/span><span class=\"EOP SCXW87761942 BCX0\" data-ccp-props=\"{&quot;134233117&quot;:false,&quot;134233118&quot;:false,&quot;201341983&quot;:0,&quot;335551550&quot;:1,&quot;335551620&quot;:1,&quot;335559685&quot;:0,&quot;335559737&quot;:0,&quot;335559738&quot;:240,&quot;335559739&quot;:240,&quot;335559740&quot;:279}\">\u00a0<\/span><\/p>\t\t\t\t\t\t\t\t<\/div>\n\t\t\t\t<\/div>\n\t\t\t\t\t<\/div>\n\t\t\t\t<\/div>\n\t\t<div class=\"elementor-element elementor-element-8b70589 e-flex e-con-boxed e-con e-parent\" data-id=\"8b70589\" data-element_type=\"container\" data-e-type=\"container\">\n\t\t\t\t\t<div class=\"e-con-inner\">\n\t\t\t\t<div class=\"elementor-element elementor-element-2cd3eae elementor-widget elementor-widget-heading\" data-id=\"2cd3eae\" data-element_type=\"widget\" data-e-type=\"widget\" data-widget_type=\"heading.default\">\n\t\t\t\t<div class=\"elementor-widget-container\">\n\t\t\t\t\t<h2 class=\"elementor-heading-title elementor-size-default\">TRA 100 km: Ritmo infernal y podios ajustados <\/h2>\t\t\t\t<\/div>\n\t\t\t\t<\/div>\n\t\t\t\t\t<\/div>\n\t\t\t\t<\/div>\n\t\t<div class=\"elementor-element elementor-element-7ca4a83 e-flex e-con-boxed e-con e-parent\" data-id=\"7ca4a83\" data-element_type=\"container\" data-e-type=\"container\">\n\t\t\t\t\t<div class=\"e-con-inner\">\n\t\t\t\t<div class=\"elementor-element elementor-element-b8cfc13 elementor-widget elementor-widget-text-editor\" data-id=\"b8cfc13\" data-element_type=\"widget\" data-e-type=\"widget\" data-widget_type=\"text-editor.default\">\n\t\t\t\t<div class=\"elementor-widget-container\">\n\t\t\t\t\t\t\t\t\t<p><span class=\"TextRun SCXW240183756 BCX0\" lang=\"ES-ES\" xml:lang=\"ES-ES\" data-contrast=\"auto\"><span class=\"NormalTextRun SCXW240183756 BCX0\">La\u00a0<\/span><\/span><span class=\"TextRun SCXW240183756 BCX0\" lang=\"ES-ES\" xml:lang=\"ES-ES\" data-contrast=\"auto\"><span class=\"NormalTextRun SCXW240183756 BCX0\">TRA (100 km, 4.200 m D+)<\/span><\/span><span class=\"TextRun SCXW240183756 BCX0\" lang=\"ES-ES\" xml:lang=\"ES-ES\" data-contrast=\"auto\"><span class=\"NormalTextRun SCXW240183756 BCX0\">\u00a0fue\u00a0<\/span><span class=\"NormalTextRun SCXW240183756 BCX0\">un aut\u00e9ntico\u00a0<\/span><span class=\"NormalTextRun SCXW240183756 BCX0\">espect\u00e1culo.\u00a0<\/span><\/span><span class=\"TextRun SCXW240183756 BCX0\" lang=\"ES-ES\" xml:lang=\"ES-ES\" data-contrast=\"auto\"><span class=\"NormalTextRun SCXW240183756 BCX0\">A<\/span><span class=\"NormalTextRun SCXW240183756 BCX0\">ntoine\u00a0<\/span><span class=\"NormalTextRun SpellingErrorV2Themed SCXW240183756 BCX0\">Guillon<\/span><\/span><span class=\"TextRun SCXW240183756 BCX0\" lang=\"ES-ES\" xml:lang=\"ES-ES\" data-contrast=\"auto\"><span class=\"NormalTextRun SCXW240183756 BCX0\">\u00a0(FRA<\/span><span class=\"NormalTextRun ContextualSpellingAndGrammarErrorV2Themed SCXW240183756 BCX0\">),\u00a0 gan\u00f3<\/span><span class=\"NormalTextRun SCXW240183756 BCX0\">\u00a0en\u00a0<\/span><\/span><span class=\"TextRun SCXW240183756 BCX0\" lang=\"ES-ES\" xml:lang=\"ES-ES\" data-contrast=\"auto\"><span class=\"NormalTextRun SCXW240183756 BCX0\">9:48:50<\/span><\/span><span class=\"TextRun SCXW240183756 BCX0\" lang=\"ES-ES\" xml:lang=\"ES-ES\" data-contrast=\"auto\"><span class=\"NormalTextRun SCXW240183756 BCX0\">, con\u00a0<\/span><\/span><span class=\"TextRun SCXW240183756 BCX0\" lang=\"ES-ES\" xml:lang=\"ES-ES\" data-contrast=\"auto\"><span class=\"NormalTextRun SCXW240183756 BCX0\">Guillem Casas<\/span><\/span><span class=\"TextRun SCXW240183756 BCX0\" lang=\"ES-ES\" xml:lang=\"ES-ES\" data-contrast=\"auto\"><span class=\"NormalTextRun SCXW240183756 BCX0\">\u00a0(10:02:17) y\u00a0<\/span><\/span><span class=\"TextRun SCXW240183756 BCX0\" lang=\"ES-ES\" xml:lang=\"ES-ES\" data-contrast=\"auto\"><span class=\"NormalTextRun SCXW240183756 BCX0\">Andre<\/span><span class=\"NormalTextRun SCXW240183756 BCX0\">a\u00a0<\/span><span class=\"NormalTextRun SpellingErrorV2Themed SCXW240183756 BCX0\">Secci<\/span><\/span><span class=\"TextRun SCXW240183756 BCX0\" lang=\"ES-ES\" xml:lang=\"ES-ES\" data-contrast=\"auto\"><span class=\"NormalTextRun SCXW240183756 BCX0\">\u00a0(10:21:05) pis\u00e1ndole los talones. <\/span><\/span><\/p><p><span class=\"TextRun SCXW240183756 BCX0\" lang=\"ES-ES\" xml:lang=\"ES-ES\" data-contrast=\"auto\"><span class=\"NormalTextRun SCXW240183756 BCX0\">En f\u00e9minas,\u00a0<\/span><\/span><span class=\"TextRun SCXW240183756 BCX0\" lang=\"ES-ES\" xml:lang=\"ES-ES\" data-contrast=\"auto\"><span class=\"NormalTextRun SCXW240183756 BCX0\">M\u00e9lanie Rousseau<\/span><\/span><span class=\"TextRun SCXW240183756 BCX0\" lang=\"ES-ES\" xml:lang=\"ES-ES\" data-contrast=\"auto\"><span class=\"NormalTextRun SCXW240183756 BCX0\">\u00a0(SUI) domin\u00f3 con\u00a0<\/span><\/span><span class=\"TextRun SCXW240183756 BCX0\" lang=\"ES-ES\" xml:lang=\"ES-ES\" data-contrast=\"auto\"><span class=\"NormalTextRun SCXW240183756 BCX0\">11:58:12<\/span><\/span><span class=\"TextRun SCXW240183756 BCX0\" lang=\"ES-ES\" xml:lang=\"ES-ES\" data-contrast=\"auto\"><span class=\"NormalTextRun SCXW240183756 BCX0\">, seguida de\u00a0<\/span><\/span><span class=\"TextRun SCXW240183756 BCX0\" lang=\"ES-ES\" xml:lang=\"ES-ES\" data-contrast=\"auto\"><span class=\"NormalTextRun SCXW240183756 BCX0\">N\u00faria Dom\u00ednguez<\/span><\/span><span class=\"TextRun SCXW240183756 BCX0\" lang=\"ES-ES\" xml:lang=\"ES-ES\" data-contrast=\"auto\"><span class=\"NormalTextRun SCXW240183756 BCX0\">\u00a0(12:24:07) y\u00a0<\/span><\/span><span class=\"TextRun SCXW240183756 BCX0\" lang=\"ES-ES\" xml:lang=\"ES-ES\" data-contrast=\"auto\"><span class=\"NormalTextRun SCXW240183756 BCX0\">Laura Reig<\/span><\/span><span class=\"TextRun SCXW240183756 BCX0\" lang=\"ES-ES\" xml:lang=\"ES-ES\" data-contrast=\"auto\"><span class=\"NormalTextRun SCXW240183756 BCX0\">\u00a0(12:59:44).<\/span><\/span><span class=\"EOP SCXW240183756 BCX0\" data-ccp-props=\"{&quot;134233117&quot;:false,&quot;134233118&quot;:false,&quot;335551550&quot;:0,&quot;335551620&quot;:0,&quot;335559738&quot;:240,&quot;335559739&quot;:240}\">\u00a0<\/span><\/p><p>\u00a0<\/p>\t\t\t\t\t\t\t\t<\/div>\n\t\t\t\t<\/div>\n\t\t\t\t\t<\/div>\n\t\t\t\t<\/div>\n\t\t<div class=\"elementor-element elementor-element-6961771 e-flex e-con-boxed e-con e-parent\" data-id=\"6961771\" data-element_type=\"container\" data-e-type=\"container\">\n\t\t\t\t\t<div class=\"e-con-inner\">\n\t\t\t\t<div class=\"elementor-element elementor-element-598ad5a elementor-widget elementor-widget-heading\" data-id=\"598ad5a\" data-element_type=\"widget\" data-e-type=\"widget\" data-widget_type=\"heading.default\">\n\t\t\t\t<div class=\"elementor-widget-container\">\n\t\t\t\t\t<h2 class=\"elementor-heading-title elementor-size-default\">Consolidaci\u00f3n del UTMB Mallorca e impacto econ\u00f3mico para la isla <\/h2>\t\t\t\t<\/div>\n\t\t\t\t<\/div>\n\t\t\t\t\t<\/div>\n\t\t\t\t<\/div>\n\t\t<div class=\"elementor-element elementor-element-d8ba94c e-flex e-con-boxed e-con e-parent\" data-id=\"d8ba94c\" data-element_type=\"container\" data-e-type=\"container\">\n\t\t\t\t\t<div class=\"e-con-inner\">\n\t\t\t\t<div class=\"elementor-element elementor-element-70e9440 elementor-widget elementor-widget-text-editor\" data-id=\"70e9440\" data-element_type=\"widget\" data-e-type=\"widget\" data-widget_type=\"text-editor.default\">\n\t\t\t\t<div class=\"elementor-widget-container\">\n\t\t\t\t\t\t\t\t\t<p><span data-contrast=\"auto\">Tras su segunda edici\u00f3n bajo el formato de carrera de circuito UTMB, l<\/span><span data-contrast=\"auto\">a carrera ha consolidado a Mallorca como referente mundial del\u00a0trail\u00a0running\u00a0con recorridos t\u00e9cnicos, clima variable y una organizaci\u00f3n impecable.\u00a0<\/span><span data-ccp-props=\"{}\">\u00a0<\/span><\/p><p><b><span data-contrast=\"auto\">Este a\u00f1o la carrera cont\u00f3 con un 70% de participaci\u00f3n extranjera<\/span><\/b><span data-contrast=\"auto\"> lo que genera un notable flujo econ\u00f3mico en toda la isla. \u00a0Los m\u00e1s de 2.300 corredores de m\u00e1s de 70 nacionalidades llenaron hoteles, restaurantes y comercios durante la semana del evento, fomentando un turismo de calidad y diversificando la econom\u00eda insular m\u00e1s all\u00e1 del modelo tradicional de sol y playa. <\/span><span data-ccp-props=\"{&quot;134233117&quot;:false,&quot;134233118&quot;:false,&quot;335551550&quot;:0,&quot;335551620&quot;:0,&quot;335559738&quot;:240,&quot;335559739&quot;:240}\">\u00a0<\/span><\/p><p><span data-contrast=\"auto\">\u201cNo es solo una carrera: es monta\u00f1a, cultura y comunidad\u201d<\/span><span data-ccp-props=\"{&quot;134233117&quot;:false,&quot;134233118&quot;:false,&quot;335551550&quot;:0,&quot;335551620&quot;:0,&quot;335559738&quot;:240,&quot;335559739&quot;:240}\">\u00a0<\/span><\/p><p><span data-contrast=\"auto\">\u00a1Mallorca cierra el a\u00f1o por todo lo alto!<\/span><span data-ccp-props=\"{&quot;134233117&quot;:false,&quot;134233118&quot;:false,&quot;335551550&quot;:0,&quot;335551620&quot;:0,&quot;335559738&quot;:240,&quot;335559739&quot;:240}\">\u00a0<\/span><\/p><p><span data-contrast=\"auto\">\u00a1Marca el calendario! La edici\u00f3n 2026 de Mallorca\u00a0by\u00a0UTMB est\u00e1 provisionalmente fijada para octubre, prometiendo m\u00e1s \u00e9pica en la\u00a0Tramuntana\u00a0y puntos extra para el gran UTMB Mont-Blanc.<\/span><span data-ccp-props=\"{&quot;134233117&quot;:false,&quot;134233118&quot;:false,&quot;335551550&quot;:0,&quot;335551620&quot;:0,&quot;335559738&quot;:240,&quot;335559739&quot;:240}\">\u00a0<\/span><\/p>\t\t\t\t\t\t\t\t<\/div>\n\t\t\t\t<\/div>\n\t\t\t\t\t<\/div>\n\t\t\t\t<\/div>\n\t\t<div class=\"elementor-element elementor-element-712ac23 e-flex e-con-boxed e-con e-parent\" data-id=\"712ac23\" data-element_type=\"container\" data-e-type=\"container\">\n\t\t\t\t\t<div class=\"e-con-inner\">\n\t\t\t\t<div class=\"elementor-element elementor-element-a757328 elementor-widget elementor-widget-heading\" data-id=\"a757328\" data-element_type=\"widget\" data-e-type=\"widget\" data-widget_type=\"heading.default\">\n\t\t\t\t<div class=\"elementor-widget-container\">\n\t\t\t\t\t<h4 class=\"elementor-heading-title elementor-size-default\">Enlaces oficiales<\/h4>\t\t\t\t<\/div>\n\t\t\t\t<\/div>\n\t\t\t\t\t<\/div>\n\t\t\t\t<\/div>\n\t\t<div class=\"elementor-element elementor-element-b41ffa8 e-flex e-con-boxed e-con e-parent\" data-id=\"b41ffa8\" data-element_type=\"container\" data-e-type=\"container\">\n\t\t\t\t\t<div class=\"e-con-inner\">\n\t\t\t\t<div class=\"elementor-element elementor-element-794df13 elementor-widget elementor-widget-text-editor\" data-id=\"794df13\" data-element_type=\"widget\" data-e-type=\"widget\" data-widget_type=\"text-editor.default\">\n\t\t\t\t<div class=\"elementor-widget-container\">\n\t\t\t\t\t\t\t\t\t<ul><li aria-setsize=\"-1\" data-leveltext=\"\uf0b7\" data-font=\"Symbol\" data-listid=\"1\" data-list-defn-props=\"{&quot;335552541&quot;:1,&quot;335559683&quot;:0,&quot;335559684&quot;:-2,&quot;335559685&quot;:720,&quot;335559991&quot;:360,&quot;469769226&quot;:&quot;Symbol&quot;,&quot;469769242&quot;:[8226],&quot;469777803&quot;:&quot;left&quot;,&quot;469777804&quot;:&quot;\uf0b7&quot;,&quot;469777815&quot;:&quot;hybridMultilevel&quot;}\" data-aria-posinset=\"1\" data-aria-level=\"1\"><a href=\"https:\/\/mallorca.utmb.world\/\"><span data-contrast=\"none\">UTMB Mallorca 2025 \u2013 Resultados y recorrido<\/span><\/a><span data-contrast=\"auto\">\u00a0<\/span><span data-ccp-props=\"{&quot;134233117&quot;:false,&quot;134233118&quot;:false,&quot;335551550&quot;:0,&quot;335551620&quot;:0,&quot;335559738&quot;:0,&quot;335559739&quot;:0}\">\u00a0<\/span><\/li><\/ul><ul><li aria-setsize=\"-1\" data-leveltext=\"\uf0b7\" data-font=\"Symbol\" data-listid=\"1\" data-list-defn-props=\"{&quot;335552541&quot;:1,&quot;335559683&quot;:0,&quot;335559684&quot;:-2,&quot;335559685&quot;:720,&quot;335559991&quot;:360,&quot;469769226&quot;:&quot;Symbol&quot;,&quot;469769242&quot;:[8226],&quot;469777803&quot;:&quot;left&quot;,&quot;469777804&quot;:&quot;\uf0b7&quot;,&quot;469777815&quot;:&quot;hybridMultilevel&quot;}\" data-aria-posinset=\"2\" data-aria-level=\"1\"><a href=\"https:\/\/utmb.world\/events\/mallorca-by-utmb\"><span data-contrast=\"none\">UTMB World Series \u2013 Evento Mallorca<\/span><\/a><span data-ccp-props=\"{&quot;134233117&quot;:false,&quot;134233118&quot;:false,&quot;335551550&quot;:0,&quot;335551620&quot;:0,&quot;335559738&quot;:0,&quot;335559739&quot;:0}\">\u00a0<\/span><\/li><\/ul><p><span data-ccp-props=\"{}\">\u00a0<\/span><\/p>\t\t\t\t\t\t\t\t<\/div>\n\t\t\t\t<\/div>\n\t\t\t\t\t<\/div>\n\t\t\t\t<\/div>\n\t\t\t\t<\/div>\n\t\t","protected":false},"excerpt":{"rendered":"<p>\u00a1La Serra de Tramuntana vibr\u00f3 con el gran final del circuito europeo! SDT 138 km: Dominio absoluto de Namberger e Isla Smith Mallorca by UTMB 2025, \u00faltima prueba del UTMB World Series Europe 2025, reuni\u00f3 a m\u00e1s de 2.300 corredores de 70 pa\u00edses en un fin de semana inolvidable de trail running. Las cuatro distancias&#8230;<\/p>\n","protected":false},"author":1,"featured_media":0,"comment_status":"open","ping_status":"open","sticky":false,"template":"","format":"standard","meta":{"_uag_custom_page_level_css":"","_kad_post_transparent":"","_kad_post_title":"","_kad_post_layout":"","_kad_post_sidebar_id":"","_kad_post_content_style":"","_kad_post_vertical_padding":"","_kad_post_feature":"","_kad_post_feature_position":"","_kad_post_header":false,"_kad_post_footer":false,"_kad_post_classname":"","footnotes":""},"categories":[46],"tags":[],"class_list":["post-3974","post","type-post","status-publish","format-standard","hentry","category-noticias-trail-running"],"uagb_featured_image_src":{"full":false,"thumbnail":false,"medium":false,"medium_large":false,"large":false,"1536x1536":false,"2048x2048":false,"trp-custom-language-flag":false,"qi_addons_for_elementor_image_size_square":false,"qi_addons_for_elementor_image_size_landscape":false,"qi_addons_for_elementor_image_size_portrait":false,"qi_addons_for_elementor_image_size_huge-square":false},"uagb_author_info":{"display_name":"Trade &amp; Trail","author_link":"https:\/\/tradeandtrail.net\/es\/author\/tradeandtrail74gmail-com\/"},"uagb_comment_info":12,"uagb_excerpt":"\u00a1La Serra de Tramuntana vibr\u00f3 con el gran final del circuito europeo! SDT 138 km: Dominio absoluto de Namberger e Isla Smith Mallorca by UTMB 2025, \u00faltima prueba del UTMB World Series Europe 2025, reuni\u00f3 a m\u00e1s de 2.300 corredores de 70 pa\u00edses en un fin de semana inolvidable de trail running. Las cuatro distancias...","rttpg_featured_image_url":null,"rttpg_author":{"display_name":"Trade &amp; Trail","author_link":"https:\/\/tradeandtrail.net\/es\/author\/tradeandtrail74gmail-com\/"},"rttpg_comment":12,"rttpg_category":"<a href=\"https:\/\/tradeandtrail.net\/es\/category\/trail-running\/noticias-trail-running\/\" rel=\"category tag\">Noticias<\/a>","rttpg_excerpt":"\u00a1La Serra de Tramuntana vibr\u00f3 con el gran final del circuito europeo! SDT 138 km: Dominio absoluto de Namberger e Isla Smith Mallorca by UTMB 2025, \u00faltima prueba del UTMB World Series Europe 2025, reuni\u00f3 a m\u00e1s de 2.300 corredores de 70 pa\u00edses en un fin de semana inolvidable de trail running. Las cuatro distancias...","_links":{"self":[{"href":"https:\/\/tradeandtrail.net\/es\/wp-json\/wp\/v2\/posts\/3974","targetHints":{"allow":["GET"]}}],"collection":[{"href":"https:\/\/tradeandtrail.net\/es\/wp-json\/wp\/v2\/posts"}],"about":[{"href":"https:\/\/tradeandtrail.net\/es\/wp-json\/wp\/v2\/types\/post"}],"author":[{"embeddable":true,"href":"https:\/\/tradeandtrail.net\/es\/wp-json\/wp\/v2\/users\/1"}],"replies":[{"embeddable":true,"href":"https:\/\/tradeandtrail.net\/es\/wp-json\/wp\/v2\/comments?post=3974"}],"version-history":[{"count":3,"href":"https:\/\/tradeandtrail.net\/es\/wp-json\/wp\/v2\/posts\/3974\/revisions"}],"predecessor-version":[{"id":3978,"href":"https:\/\/tradeandtrail.net\/es\/wp-json\/wp\/v2\/posts\/3974\/revisions\/3978"}],"wp:attachment":[{"href":"https:\/\/tradeandtrail.net\/es\/wp-json\/wp\/v2\/media?parent=3974"}],"wp:term":[{"taxonomy":"category","embeddable":true,"href":"https:\/\/tradeandtrail.net\/es\/wp-json\/wp\/v2\/categories?post=3974"},{"taxonomy":"post_tag","embeddable":true,"href":"https:\/\/tradeandtrail.net\/es\/wp-json\/wp\/v2\/tags?post=3974"}],"curies":[{"name":"wp","href":"https:\/\/api.w.org\/{rel}","templated":true}]}}