{"id":4008,"date":"2025-11-15T19:27:13","date_gmt":"2025-11-15T19:27:13","guid":{"rendered":"https:\/\/tradeandtrail.net\/es\/behobia-san-sebastian-2025-raul-celada-y-katherine-tisalema-reyes-de-la-media-maraton-mas-importante-de-espana\/"},"modified":"2025-11-15T19:46:53","modified_gmt":"2025-11-15T19:46:53","slug":"behobia-san-sebastian-2025-raul-celada-y-katherine-tisalema-reyes-de-la-media-maraton-mas-importante-de-espana","status":"publish","type":"post","link":"https:\/\/tradeandtrail.net\/es\/behobia-san-sebastian-2025-raul-celada-y-katherine-tisalema-reyes-de-la-media-maraton-mas-importante-de-espana\/","title":{"rendered":"Behobia-San Sebasti\u00e1n 2025: Ra\u00fal Celada y Katherine Tisalema, reyes de la media marat\u00f3n m\u00e1s importante de Espa\u00f1a"},"content":{"rendered":"\t\t<div data-elementor-type=\"wp-post\" data-elementor-id=\"4008\" class=\"elementor elementor-4008\">\n\t\t\t\t<div class=\"elementor-element elementor-element-c760df1 e-flex e-con-boxed e-con e-parent\" data-id=\"c760df1\" data-element_type=\"container\" data-e-type=\"container\">\n\t\t\t\t\t<div class=\"e-con-inner\">\n\t\t\t\t<div class=\"elementor-element elementor-element-4e48e8d elementor-position-top elementor-widget elementor-widget-image-box\" data-id=\"4e48e8d\" data-element_type=\"widget\" data-e-type=\"widget\" data-widget_type=\"image-box.default\">\n\t\t\t\t<div class=\"elementor-widget-container\">\n\t\t\t\t\t<div class=\"elementor-image-box-wrapper\"><figure class=\"elementor-image-box-img\"><img decoding=\"async\" src=\"https:\/\/tradeandtrail.net\/wp-content\/uploads\/2025\/11\/image-4.png\" title=\"image\" alt=\"image\" loading=\"lazy\" \/><\/figure><div class=\"elementor-image-box-content\"><h3 class=\"elementor-image-box-title\">La 60\u00aa edici\u00f3n bate r\u00e9cords de participaci\u00f3n con 26.128 finishers de 26 pa\u00edses.   <\/h3><p class=\"elementor-image-box-description\">Celebrando seis d\u00e9cadas de historia con medallas conmemorativas y generando un impacto econ\u00f3mico de 50 millones \u20ac en Gipuzkoa. <\/p><\/div><\/div>\t\t\t\t<\/div>\n\t\t\t\t<\/div>\n\t\t\t\t\t<\/div>\n\t\t\t\t<\/div>\n\t\t<div class=\"elementor-element elementor-element-57a5fa81 e-flex e-con-boxed e-con e-parent\" data-id=\"57a5fa81\" data-element_type=\"container\" data-e-type=\"container\">\n\t\t\t\t\t<div class=\"e-con-inner\">\n\t\t\t\t<div class=\"elementor-element elementor-element-3daf258e elementor-widget elementor-widget-text-editor\" data-id=\"3daf258e\" data-element_type=\"widget\" data-e-type=\"widget\" data-widget_type=\"text-editor.default\">\n\t\t\t\t<div class=\"elementor-widget-container\">\n\t\t\t\t\t\t\t\t\t<p>La 60\u00aa Media Marat\u00f3n Behobia-San Sebasti\u00e1n, disputada el domingo 9 de noviembre, consolid\u00f3 su estatus como la media marat\u00f3n m\u00e1s ic\u00f3nica de Espa\u00f1a al congregar a 27.981 inscritos de 26 pa\u00edses y 26.128 cruzando la meta en un recorrido exigente de 20,196 kil\u00f3metros.<\/p><p>El leon\u00e9s Ra\u00fal Celada y la ecuatoriana Katherine Ruth Tisalema se coronaron vencedores en las categor\u00edas masculina y femenina, en una edici\u00f3n hist\u00f3rica que no solo bati\u00f3 r\u00e9cords de participaci\u00f3n femenina \u2013con 8.943 corredoras, el 34% del total\u2013, sino que celebr\u00f3 seis d\u00e9cadas de pasi\u00f3n atl\u00e9tica con medallas especiales y un ambiente transfronterizo inolvidable.<\/p><p>El evento, motor econ\u00f3mico de la regi\u00f3n, inyect\u00f3 unos 50 millones de euros en Gipuzkoa, impulsando el turismo y el comercio local.<\/p><p><strong>Edici\u00f3n hist\u00f3rica: R\u00e9cord de participaci\u00f3n y diversidad internacional<\/strong><\/p><p>Nacida en 1966 como una prueba fronteriza de resistencia, aunque con ra\u00edces en carreras populares desde 1919, esta edici\u00f3n del 60\u00ba aniversario rindi\u00f3 homenaje a su legado con una medalla conmemorativa dise\u00f1ada en colaboraci\u00f3n con el Palacio de Miramar.<\/p><p>Adem\u00e1s, por primera vez, la organizaci\u00f3n lanz\u00f3 zapatillas oficiales Joma para la ocasi\u00f3n, simbolizando \u00abdos maneras de vivir la Behobia: con historia y con estilo\u00bb<\/p><p>El \u00e1mbito internacional de la prueba brill\u00f3 con fuerza: corredores de 26 naciones, liderados por Francia y Reino Unido, principalmente.<\/p><p style=\"text-align: center;\"><strong><em>\u00abLa Behobia ha dejado de ser una carrera local para convertirse en un im\u00e1n global\u00bb<\/em><\/strong><\/p><p><strong>El ambiente de la salida: Tambores y fervor colectivo<\/strong><\/p><p>La salida, a las 9:30 horas desde Behobia (Ir\u00fan), bajo un cielo nublado y el eco de tambores vascos, desat\u00f3 un torrente de energ\u00eda colectiva que serpente\u00f3 por Errenteria, Pasaia y las legendarias cuestas de Gaintxurizketa (km 7) y Miracruz (km 16), culminando en el Boulevard donostiarra. \u00ab<\/p><p>El pulso de los tambores marc\u00f3 el inicio, un ritual que eriza la piel y simboliza el esp\u00edritu vasco de la prueba. Para revivir ese momento \u00e9pico, no te pierdas esta retransmisi\u00f3n \u00edntegra de la salida y la carrera en YouTube, donde los tambores resuenan en los primeros minutos, impulsando a los 26.299 corredores hacia la meta. \u201cEsta carrera no es solo un evento; es un rito que une generaciones y fronteras\u00bb.<\/p>\t\t\t\t\t\t\t\t<\/div>\n\t\t\t\t<\/div>\n\t\t\t\t\t<\/div>\n\t\t\t\t<\/div>\n\t\t<div class=\"elementor-element elementor-element-ceb33a2 e-flex e-con-boxed e-con e-parent\" data-id=\"ceb33a2\" data-element_type=\"container\" data-e-type=\"container\">\n\t\t\t\t\t<div class=\"e-con-inner\">\n\t\t<div class=\"elementor-element elementor-element-06bf0a6 e-con-full e-flex e-con e-child\" data-id=\"06bf0a6\" data-element_type=\"container\" data-e-type=\"container\">\n\t\t\t\t<div class=\"elementor-element elementor-element-216aebb elementor-widget elementor-widget-image\" data-id=\"216aebb\" data-element_type=\"widget\" data-e-type=\"widget\" data-widget_type=\"image.default\">\n\t\t\t\t<div class=\"elementor-widget-container\">\n\t\t\t\t\t\t\t\t\t\t\t\t\t\t\t<img fetchpriority=\"high\" decoding=\"async\" width=\"1024\" height=\"716\" src=\"https:\/\/tradeandtrail.net\/wp-content\/uploads\/2025\/11\/Mapa-Behobia-1024x716.png\" class=\"attachment-large size-large wp-image-4010\" alt=\"\" srcset=\"https:\/\/tradeandtrail.net\/wp-content\/uploads\/2025\/11\/Mapa-Behobia-1024x716.png 1024w, https:\/\/tradeandtrail.net\/wp-content\/uploads\/2025\/11\/Mapa-Behobia-300x210.png 300w, https:\/\/tradeandtrail.net\/wp-content\/uploads\/2025\/11\/Mapa-Behobia-768x537.png 768w, https:\/\/tradeandtrail.net\/wp-content\/uploads\/2025\/11\/Mapa-Behobia-18x12.png 18w, https:\/\/tradeandtrail.net\/wp-content\/uploads\/2025\/11\/Mapa-Behobia.png 1061w\" sizes=\"(max-width: 1024px) 100vw, 1024px\" \/>\t\t\t\t\t\t\t\t\t\t\t\t\t\t\t<\/div>\n\t\t\t\t<\/div>\n\t\t\t\t<\/div>\n\t\t<div class=\"elementor-element elementor-element-377a07f e-con-full e-flex e-con e-child\" data-id=\"377a07f\" data-element_type=\"container\" data-e-type=\"container\">\n\t\t\t\t<div class=\"elementor-element elementor-element-9a68782 elementor-widget elementor-widget-text-editor\" data-id=\"9a68782\" data-element_type=\"widget\" data-e-type=\"widget\" data-widget_type=\"text-editor.default\">\n\t\t\t\t<div class=\"elementor-widget-container\">\n\t\t\t\t\t\t\t\t\t<p><em><strong><span class=\"TextRun SCXW155324916 BCX0\" lang=\"ES-ES\" xml:lang=\"ES-ES\" data-contrast=\"auto\"><span class=\"NormalTextRun SCXW155324916 BCX0\">\u201cEsta carrera no es solo un evento; es un rito que une generaciones y fronteras\u00bb<\/span><\/span><span class=\"EOP SCXW155324916 BCX0\" data-ccp-props=\"{&quot;134233117&quot;:false,&quot;134233118&quot;:false,&quot;335551550&quot;:2,&quot;335551620&quot;:2,&quot;335559738&quot;:240,&quot;335559739&quot;:240}\">\u00a0<\/span><\/strong><\/em><\/p>\t\t\t\t\t\t\t\t<\/div>\n\t\t\t\t<\/div>\n\t\t\t\t<\/div>\n\t\t\t\t\t<\/div>\n\t\t\t\t<\/div>\n\t\t<div class=\"elementor-element elementor-element-de29897 e-flex e-con-boxed e-con e-parent\" data-id=\"de29897\" data-element_type=\"container\" data-e-type=\"container\">\n\t\t\t\t\t<div class=\"e-con-inner\">\n\t\t\t\t<div class=\"elementor-element elementor-element-30dfe9d elementor-widget elementor-widget-text-editor\" data-id=\"30dfe9d\" data-element_type=\"widget\" data-e-type=\"widget\" data-widget_type=\"text-editor.default\">\n\t\t\t\t<div class=\"elementor-widget-container\">\n\t\t\t\t\t\t\t\t\t<p><strong>Triunfos en la \u00e9lite masculina: La sorpresa de Celada<\/strong><\/p><p>En la \u00e9lite masculina, Celada, de 28 a\u00f1os y oriundo de Astorga (Le\u00f3n), irrumpi\u00f3 como el h\u00e9roe inesperado al escaparse en solitario tras Pasaia y dominar Miracruz, firmando un crono de 1:01:28 que trunc\u00f3 la racha de Chakib Lachgar (ganador en 2019, 2023 y 2024, cuarto esta vez). Diego Mentrida (1:01:42) e Iraitz Arr\u00f3spide (1:01:46), el primer guipuzcoano, completaron el podio en un sprint que enardeci\u00f3 a los 70.000 espectadores.<\/p><p><em>\u00abEs un orgullo ganar aqu\u00ed. Esta ma\u00f1ana me han dicho que era la mejor carrera del mundo, y no pod\u00eda fallar\u00bb<\/em>, exclam\u00f3 Celada en meta.<\/p><p>Sobre su estrategia, a\u00f1adi\u00f3: \u00ab<em>Ten\u00eda en mente el Alto de Miracruz. Iraitz ha atacado un poco antes, se nos ha ido unos 150 metros pero le he podido coger al final de la subida. Luego le he dejado y he podido disfrutar\u00bb.<\/em> El p\u00fablico, clave en su victoria, lo resumi\u00f3 as\u00ed: \u00ab<em>El p\u00fablico lo hace especial. Lo vive y te hace subir y correr\u00bb.<\/em> Ya mira al futuro: <em>\u00abOjal\u00e1 vuelva el a\u00f1o que viene y pueda ir a por el r\u00e9cord de Alberto (Juzdado)\u00bb.<\/em><\/p><p><strong>Dominio en la \u00e9lite femenina: El ataque imparable de Tisalema<\/strong><\/p><p>La categor\u00eda femenina fue un derroche de potencia sudamericana con Tisalema, de 25 a\u00f1os, quien esper\u00f3 su momento en las cuestas para un ataque demoledor, conquistando la meta en 1:09:34.<\/p><p>Aventaj\u00f3 por 24 segundos a la keniana Noshim Kimuge (1:09:58) y por 1:08 a la navarra Mar\u00eda Varo Zubiri (1:10:42), con Maite Arraiza como primera local en cuarto puesto.<\/p><p><em>\u00abDesde un principio me he visto en un cuarteto con tres atletas que eran compa\u00f1eras de equipo. Sab\u00eda que lo ten\u00eda complicado [&#8230;] confiaba en mi fortaleza en las cuestas, que es algo que me define y que no sab\u00eda si ten\u00edan tambi\u00e9n mis adversarias. En la \u00faltima ascensi\u00f3n he apretado y, en cuanto aflojaba un poco, el p\u00fablico me llevaba en volandas\u00bb<\/em>, relat\u00f3 Tisalema dedicando su triunfo al Proyecto Biziki, que impulsa debutantes femeninas.<\/p><p>Ambos vencedores coincidieron en la clave: <em>\u00abSab\u00edamos que las subidas eran lo nuestro\u00bb<\/em>, un mantra que encapsula la esencia de la Behobia.<\/p><p><strong>Impacto econ\u00f3mico y celebraciones del 60\u00ba aniversario<\/strong><\/p><p>El impacto econ\u00f3mico fue colosal: 50 millones de euros inyectados en la regi\u00f3n, con hoteles al 100% de ocupaci\u00f3n, un boom en restaurantes y un efecto multiplicador del 15% en turismo deportivo.<\/p><p>Con inscripciones agotadas en horas, esta 60\u00aa edici\u00f3n deja un legado de superaci\u00f3n: 26.128 medallas conmemorativas repartidas y el Boulevard de San Sebasti\u00e1n como altar de abrazos y retos personales.<\/p><p>Se puede revivir la emoci\u00f3n de la carrera en el siguiente video resumen: <a href=\"https:\/\/www.youtube.com\/watch?v=e3jC6A8_eGs Links oficiales\" data-wplink-url-error=\"true\">Video-resumen Behobia 2025<\/a>\u00a0<\/p>\t\t\t\t\t\t\t\t<\/div>\n\t\t\t\t<\/div>\n\t\t\t\t\t<\/div>\n\t\t\t\t<\/div>\n\t\t<div class=\"elementor-element elementor-element-eb33c56 e-flex e-con-boxed e-con e-parent\" data-id=\"eb33c56\" data-element_type=\"container\" data-e-type=\"container\">\n\t\t\t\t\t<div class=\"e-con-inner\">\n\t\t\t\t<div class=\"elementor-element elementor-element-3a3dce7 elementor-widget elementor-widget-video\" data-id=\"3a3dce7\" data-element_type=\"widget\" data-e-type=\"widget\" data-settings=\"{&quot;youtube_url&quot;:&quot;https:\\\/\\\/www.youtube.com\\\/watch?v=e3jC6A8_eGs&quot;,&quot;video_type&quot;:&quot;youtube&quot;,&quot;controls&quot;:&quot;yes&quot;}\" data-widget_type=\"video.default\">\n\t\t\t\t<div class=\"elementor-widget-container\">\n\t\t\t\t\t\t\t<div class=\"elementor-wrapper elementor-open-inline\">\n\t\t\t<div class=\"elementor-video\"><\/div>\t\t<\/div>\n\t\t\t\t\t\t<\/div>\n\t\t\t\t<\/div>\n\t\t\t\t\t<\/div>\n\t\t\t\t<\/div>\n\t\t<div class=\"elementor-element elementor-element-d05596d e-flex e-con-boxed e-con e-parent\" data-id=\"d05596d\" data-element_type=\"container\" data-e-type=\"container\">\n\t\t\t\t\t<div class=\"e-con-inner\">\n\t\t\t\t<div class=\"elementor-element elementor-element-a201218 elementor-widget elementor-widget-text-editor\" data-id=\"a201218\" data-element_type=\"widget\" data-e-type=\"widget\" data-widget_type=\"text-editor.default\">\n\t\t\t\t<div class=\"elementor-widget-container\">\n\t\t\t\t\t\t\t\t\t<p><b><span data-contrast=\"auto\">Links\u00a0oficiales\u00a0<\/span><\/b><span data-ccp-props=\"{&quot;134233117&quot;:false,&quot;134233118&quot;:false,&quot;335559738&quot;:240,&quot;335559739&quot;:240}\">\u00a0<\/span><\/p><ul><li aria-setsize=\"-1\" data-leveltext=\"\uf0b7\" data-font=\"Symbol\" data-listid=\"2\" data-list-defn-props=\"{&quot;335552541&quot;:1,&quot;335559685&quot;:720,&quot;335559991&quot;:360,&quot;469769226&quot;:&quot;Symbol&quot;,&quot;469769242&quot;:[8226],&quot;469777803&quot;:&quot;left&quot;,&quot;469777804&quot;:&quot;\uf0b7&quot;,&quot;469777815&quot;:&quot;hybridMultilevel&quot;}\" data-aria-posinset=\"1\" data-aria-level=\"1\"><span data-contrast=\"auto\">Sitio web oficial de la\u00a0Behobia-San Sebasti\u00e1n:\u00a0<\/span><a href=\"https:\/\/www.behobia-sansebastian.com\/es\/clasificaciones\/palmares\"><span data-contrast=\"none\">www.behobia-sansebastian.com<\/span><\/a><span data-contrast=\"auto\">\u00a0<\/span><span data-ccp-props=\"{&quot;134233117&quot;:false,&quot;134233118&quot;:false,&quot;335559738&quot;:0,&quot;335559739&quot;:0}\">\u00a0<\/span><\/li><\/ul><ul><li aria-setsize=\"-1\" data-leveltext=\"\uf0b7\" data-font=\"Symbol\" data-listid=\"2\" data-list-defn-props=\"{&quot;335552541&quot;:1,&quot;335559685&quot;:720,&quot;335559991&quot;:360,&quot;469769226&quot;:&quot;Symbol&quot;,&quot;469769242&quot;:[8226],&quot;469777803&quot;:&quot;left&quot;,&quot;469777804&quot;:&quot;\uf0b7&quot;,&quot;469777815&quot;:&quot;hybridMultilevel&quot;}\" data-aria-posinset=\"2\" data-aria-level=\"1\"><span data-contrast=\"auto\">Retransmisi\u00f3n\u00a0\u00edntegra\u00a0de la carrera:\u00a0<\/span><a href=\"https:\/\/www.youtube.com\/watch?v=pIJ_1iJhOic\"><span data-contrast=\"none\">https:\/\/www.youtube.com\/watch?v=pIJ_1iJhOic<\/span><\/a><span data-ccp-props=\"{&quot;134233117&quot;:false,&quot;134233118&quot;:false,&quot;335559738&quot;:0,&quot;335559739&quot;:0}\">\u00a0<\/span><\/li><\/ul><p><span data-ccp-props=\"{}\">\u00a0<\/span><\/p>\t\t\t\t\t\t\t\t<\/div>\n\t\t\t\t<\/div>\n\t\t\t\t\t<\/div>\n\t\t\t\t<\/div>\n\t\t\t\t<\/div>\n\t\t","protected":false},"excerpt":{"rendered":"<p>La 60\u00aa edici\u00f3n bate r\u00e9cords de participaci\u00f3n con 26.128 finishers de 26 pa\u00edses. Celebrando seis d\u00e9cadas de historia con medallas conmemorativas y generando un impacto econ\u00f3mico de 50 millones \u20ac en Gipuzkoa. La 60\u00aa Media Marat\u00f3n Behobia-San Sebasti\u00e1n, disputada el domingo 9 de noviembre, consolid\u00f3 su estatus como la media marat\u00f3n m\u00e1s ic\u00f3nica de Espa\u00f1a&#8230;<\/p>\n","protected":false},"author":1,"featured_media":0,"comment_status":"open","ping_status":"open","sticky":false,"template":"","format":"standard","meta":{"_uag_custom_page_level_css":"","_kad_post_transparent":"","_kad_post_title":"","_kad_post_layout":"","_kad_post_sidebar_id":"","_kad_post_content_style":"","_kad_post_vertical_padding":"","_kad_post_feature":"","_kad_post_feature_position":"","_kad_post_header":false,"_kad_post_footer":false,"_kad_post_classname":"","footnotes":""},"categories":[43],"tags":[],"class_list":["post-4008","post","type-post","status-publish","format-standard","hentry","category-noticias-running"],"uagb_featured_image_src":{"full":false,"thumbnail":false,"medium":false,"medium_large":false,"large":false,"1536x1536":false,"2048x2048":false,"trp-custom-language-flag":false,"qi_addons_for_elementor_image_size_square":false,"qi_addons_for_elementor_image_size_landscape":false,"qi_addons_for_elementor_image_size_portrait":false,"qi_addons_for_elementor_image_size_huge-square":false},"uagb_author_info":{"display_name":"Trade &amp; Trail","author_link":"https:\/\/tradeandtrail.net\/es\/author\/tradeandtrail74gmail-com\/"},"uagb_comment_info":12,"uagb_excerpt":"La 60\u00aa edici\u00f3n bate r\u00e9cords de participaci\u00f3n con 26.128 finishers de 26 pa\u00edses. Celebrando seis d\u00e9cadas de historia con medallas conmemorativas y generando un impacto econ\u00f3mico de 50 millones \u20ac en Gipuzkoa. La 60\u00aa Media Marat\u00f3n Behobia-San Sebasti\u00e1n, disputada el domingo 9 de noviembre, consolid\u00f3 su estatus como la media marat\u00f3n m\u00e1s ic\u00f3nica de Espa\u00f1a...","rttpg_featured_image_url":null,"rttpg_author":{"display_name":"Trade &amp; Trail","author_link":"https:\/\/tradeandtrail.net\/es\/author\/tradeandtrail74gmail-com\/"},"rttpg_comment":12,"rttpg_category":"<a href=\"https:\/\/tradeandtrail.net\/es\/category\/running\/noticias-running\/\" rel=\"category tag\">Noticias<\/a>","rttpg_excerpt":"La 60\u00aa edici\u00f3n bate r\u00e9cords de participaci\u00f3n con 26.128 finishers de 26 pa\u00edses. Celebrando seis d\u00e9cadas de historia con medallas conmemorativas y generando un impacto econ\u00f3mico de 50 millones \u20ac en Gipuzkoa. La 60\u00aa Media Marat\u00f3n Behobia-San Sebasti\u00e1n, disputada el domingo 9 de noviembre, consolid\u00f3 su estatus como la media marat\u00f3n m\u00e1s ic\u00f3nica de Espa\u00f1a...","_links":{"self":[{"href":"https:\/\/tradeandtrail.net\/es\/wp-json\/wp\/v2\/posts\/4008","targetHints":{"allow":["GET"]}}],"collection":[{"href":"https:\/\/tradeandtrail.net\/es\/wp-json\/wp\/v2\/posts"}],"about":[{"href":"https:\/\/tradeandtrail.net\/es\/wp-json\/wp\/v2\/types\/post"}],"author":[{"embeddable":true,"href":"https:\/\/tradeandtrail.net\/es\/wp-json\/wp\/v2\/users\/1"}],"replies":[{"embeddable":true,"href":"https:\/\/tradeandtrail.net\/es\/wp-json\/wp\/v2\/comments?post=4008"}],"version-history":[{"count":3,"href":"https:\/\/tradeandtrail.net\/es\/wp-json\/wp\/v2\/posts\/4008\/revisions"}],"predecessor-version":[{"id":4013,"href":"https:\/\/tradeandtrail.net\/es\/wp-json\/wp\/v2\/posts\/4008\/revisions\/4013"}],"wp:attachment":[{"href":"https:\/\/tradeandtrail.net\/es\/wp-json\/wp\/v2\/media?parent=4008"}],"wp:term":[{"taxonomy":"category","embeddable":true,"href":"https:\/\/tradeandtrail.net\/es\/wp-json\/wp\/v2\/categories?post=4008"},{"taxonomy":"post_tag","embeddable":true,"href":"https:\/\/tradeandtrail.net\/es\/wp-json\/wp\/v2\/tags?post=4008"}],"curies":[{"name":"wp","href":"https:\/\/api.w.org\/{rel}","templated":true}]}}