{"id":4014,"date":"2025-11-16T21:12:03","date_gmt":"2025-11-16T21:12:03","guid":{"rendered":"https:\/\/tradeandtrail.net\/es\/trump-indulta-a-corredor-de-trail-por-atajo-en-record-libertad-en-las-cumbres-o-traicion-a-la-etica-del-sendero\/"},"modified":"2025-11-16T21:29:15","modified_gmt":"2025-11-16T21:29:15","slug":"trump-indulta-a-corredor-de-trail-por-atajo-en-record-libertad-en-las-cumbres-o-traicion-a-la-etica-del-sendero","status":"publish","type":"post","link":"https:\/\/tradeandtrail.net\/es\/trump-indulta-a-corredor-de-trail-por-atajo-en-record-libertad-en-las-cumbres-o-traicion-a-la-etica-del-sendero\/","title":{"rendered":"Trump Indulta a Corredor de Trail por Atajo en R\u00e9cord: \u00bfLibertad en las Cumbres o Traici\u00f3n a la \u00c9tica del Sendero?"},"content":{"rendered":"\t\t<div data-elementor-type=\"wp-post\" data-elementor-id=\"4014\" class=\"elementor elementor-4014\">\n\t\t\t\t<div class=\"elementor-element elementor-element-39f9fc7 e-flex e-con-boxed e-con e-parent\" data-id=\"39f9fc7\" data-element_type=\"container\" data-e-type=\"container\">\n\t\t\t\t\t<div class=\"e-con-inner\">\n\t\t\t\t<div class=\"elementor-element elementor-element-0e4f88d elementor-position-top elementor-widget elementor-widget-image-box\" data-id=\"0e4f88d\" data-element_type=\"widget\" data-e-type=\"widget\" data-widget_type=\"image-box.default\">\n\t\t\t\t<div class=\"elementor-widget-container\">\n\t\t\t\t\t<div class=\"elementor-image-box-wrapper\"><figure class=\"elementor-image-box-img\"><img fetchpriority=\"high\" decoding=\"async\" width=\"784\" height=\"1168\" src=\"https:\/\/tradeandtrail.net\/wp-content\/uploads\/2025\/11\/image.jpg\" class=\"attachment-full size-full wp-image-4015\" alt=\"\" srcset=\"https:\/\/tradeandtrail.net\/wp-content\/uploads\/2025\/11\/image.jpg 784w, https:\/\/tradeandtrail.net\/wp-content\/uploads\/2025\/11\/image-201x300.jpg 201w, https:\/\/tradeandtrail.net\/wp-content\/uploads\/2025\/11\/image-687x1024.jpg 687w, https:\/\/tradeandtrail.net\/wp-content\/uploads\/2025\/11\/image-768x1144.jpg 768w, https:\/\/tradeandtrail.net\/wp-content\/uploads\/2025\/11\/image-8x12.jpg 8w\" sizes=\"(max-width: 784px) 100vw, 784px\" \/><\/figure><div class=\"elementor-image-box-content\"><h3 class=\"elementor-image-box-title\">Un esc\u00e1ndalo que une pol\u00edtica y monta\u00f1a: <br>El perd\u00f3n presidencial a Michelino Sunseri divide opiniones en el mundo del trail running.  <br><\/h3><p class=\"elementor-image-box-description\">En nuestra noticia semanal dedicada a las carreras por monta\u00f1a, agradecemos a nuestro fiel seguidor Alberto por alertarnos de esta exclusiva publicada en The Guardian esta semana.<\/p><\/div><\/div>\t\t\t\t<\/div>\n\t\t\t\t<\/div>\n\t\t\t\t\t<\/div>\n\t\t\t\t<\/div>\n\t\t<div class=\"elementor-element elementor-element-4d9b78c7 e-flex e-con-boxed e-con e-parent\" data-id=\"4d9b78c7\" data-element_type=\"container\" data-e-type=\"container\">\n\t\t\t\t\t<div class=\"e-con-inner\">\n\t\t\t\t<div class=\"elementor-element elementor-element-3f532a03 elementor-widget elementor-widget-text-editor\" data-id=\"3f532a03\" data-element_type=\"widget\" data-e-type=\"widget\" data-widget_type=\"text-editor.default\">\n\t\t\t\t<div class=\"elementor-widget-container\">\n\t\t\t\t\t\t\t\t\t<p style=\"text-align: center;\">Exploramos el caso de Michelino Sunseri, el trail runner de 33 a\u00f1os que pas\u00f3 de las cumbres del Grand Teton a los pasillos de la Casa Blanca.<\/p>\n<p style=\"text-align: center;\"><strong>\u00bfUn acto de justicia o un golpe a la conservaci\u00f3n?<\/strong><\/p>\n<p><\/p>\n<p><strong>La Ascensi\u00f3n Imposible \u2013 El Nacimiento de un R\u00e9cord Ef\u00edmero<\/strong><\/p>\n<p>Imaginemos el amanecer en el Parque Nacional Grand Teton, Wyoming, el 15 de julio de 2024.<\/p>\n<p><strong>Michelino Sunseri<\/strong>, un corredor de trail originario de Colorado con un historial de desaf\u00edos en las Rocosas, se lanza a la conquista del Grand Teton: 4.199 metros de altitud, 21kil\u00f3metros de ida y vuelta, y un desnivel de m\u00e1s de 2.100 metros. Todo un aut\u00e9ntico reto.<\/p>\n<p>Sunseri no busca una carrera organizada; aspira al <strong>Fastest Known Time (FKT)<\/strong>, el santo grial no oficial del ultrarunning, validado por la comunidad a trav\u00e9s de GPS y testimonios.<\/p>\n<p>Su reloj marca 2 horas, 50 minutos y 50 segundos al cruzar la meta. Es un tiempo que habr\u00eda destrozado el r\u00e9cord anterior por m\u00e1s de 20 minutos.<\/p>\n<p>La euforia es palpable: posts en Strava, shares en Instagram, felicitaciones de foros como Trail Runner Nation.<\/p>\n<p>Pero durante el descenso, pas\u00f3 algo que torci\u00f3 su destino. Para esquivar a un grupo de excursionistas en un switchback (bajada en zig-zag) congestionado, Sunseri tomo un atajo de dos minutos por un sendero cerrado (escasos 200 metros). Un gesto instintivo, nacido del respeto a la seguridad ajena. Pero lo que parece un detalle menor se convirti\u00f3 en el detonante de una tormenta.<\/p>\n<p><\/p>\n<p><strong>El Desv\u00edo Prohibido \u2013 Reglas de Oro en Tierras Sagradas<\/strong><\/p>\n<p>Los parques nacionales de EE.UU. son santuarios. El Grand Teton, con su ecosistema de osos grizzly, alces y praderas alpinas fr\u00e1giles, est\u00e1 regido por el National Park Service (NPS). Los senderos cerrados no son caprichos: protegen contra la erosi\u00f3n, la contaminaci\u00f3n y el estr\u00e9s en la fauna. Y, un atajo, por m\u00ednimo que sea \u2014apenas 200 metros en el caso de Sunseri\u2014, viola el C\u00f3digo Federal de Regulaciones , un delito menor punible con multas y prohibiciones.<\/p>\n<p>Sunseri lo sabe. Y de hecho, al subir su track GPS, anota la desviaci\u00f3n con transparencia: <em>\u00abPrioric\u00e9 la seguridad; no hay excusas\u00bb<\/em><\/p>\n<p>La comunidad trail, acostumbrada a dilemas \u00e9ticos en carreras como la UTMB o la Hardrock 100, lo aplaude inicialmente.<\/p>\n<p>Pero el NPS no perdona: en agosto de 2024, inicia una investigaci\u00f3n. \u00bfPor qu\u00e9? Porque en un a\u00f1o con 330 millones de visitas a parques nacionales, cada \u00abatajo\u00bb suma al desgaste.<\/p>\n<p><\/p>\n<p><strong>El Juicio en las Sombras \u2013 De Atleta a Acusado<\/strong><\/p>\n<p>Lo que sigui\u00f3 fue un torbellino legal que ha transformado a un atleta en un s\u00edmbolo.<\/p>\n<p>En septiembre de 2024, un tribunal federal lo declaro culpable de un delito menor por \u00abuso no autorizado de senderos\u00bb. Inicialmente, enfrento una multa de 5.000 $ y una prohibici\u00f3n de por vida para entrar en Grand Teton, un castigo que para un trail runner equivale a una sentencia de muerte profesional.<\/p>\n<p>Los fiscales, sin embargo, negociaron un acuerdo: si completaba 60 horas de servicio comunitario y un curso de gesti\u00f3n de \u00e1reas silvestres, el caso se archivaba. Mientras tanto, FKT anul\u00f3 su r\u00e9cord, argumentando que la integridad de la ruta es primordial en un deporte donde la \u00abl\u00ednea limpia\u00bb define la legitimidad.<\/p>\n<p><\/p>\n<p><strong>El Indulto Presidencial \u2013 Trump y las Redes Sociales Entran en Escena<\/strong><\/p>\n<p>Aqu\u00ed entra Trump, cuya intervenci\u00f3n ha sido tan inesperada como un alud en verano.<\/p>\n<p>Esta misma semana (10 de noviembre de 2025), la Casa Blanca ha anunciado un indulto para Sunseri. El abogado de Sunseri, Michael Poon, no oculto su sorpresa: \u00ab<em>Michelino est\u00e1, por supuesto, complacido, pero nadie esperaba un indulto\u00bb<\/em>, declar\u00f3 a The Guardian.<\/p>\n<p>Pero la verdad es que el caso explot\u00f3 en redes sociales mucho antes del perd\u00f3n.<\/p>\n<p>El hashtag <a href=\"https:\/\/www.youtube.com\/shorts\/um_tzpIuX9s\">#FreeMichelino<\/a>&nbsp; se volvi\u00f3 viral en la comunidad trail, con miles de posts defendiendo al corredor como un \u00abh\u00e9roe inadvertido\u00bb que prioriz\u00f3 la seguridad de otros sobre su gloria personal.<\/p>\n<p>Sunseri, originario de Colorado y conocido por sus desaf\u00edos en las Rocosas, apareci\u00f3 en podcasts como Trail Runner Nation y Dirtbag Diaries, donde explic\u00f3: \u00ab<em>Tom\u00e9 esa decisi\u00f3n en fracciones de segundo. No quer\u00eda poner en riesgo a nadie, ni a m\u00ed mismo. El trail running es sobre respeto, no sobre trampas\u00bb.<\/em><\/p>\n<p>Su historia reson\u00f3 con corredores que han enfrentado dilemas similares: \u00bfqu\u00e9 pesa m\u00e1s, un r\u00e9cord o la preservaci\u00f3n del entorno que tanto amamos?<\/p>\n<p style=\"text-align: center;\"><strong>\u201cEl trail running es sobre respeto, no sobre trampas\u00bb<\/strong><\/p>\n<p><\/p>\n<p><strong>Tensiones en las Cumbres \u2013 El Auge y los Conflictos del Trail Running Moderno<\/strong><\/p>\n<p>Esta no es solo una an\u00e9cdota aislada; es un espejo de las tensiones en el trail running moderno. Con el auge de la disciplina, la International Trail Running Association (ITRA) reporta un crecimiento del 20% anual en participantes globales, los parques naturales enfrentan una presi\u00f3n sin precedentes.<\/p>\n<p>En EE.UU., el National Park Service registra m\u00e1s de 330 millones de visitas al a\u00f1o, y los \u00abatajos\u00bb inadvertidos contribuyen a la degradaci\u00f3n de ecosistemas fr\u00e1giles. Cr\u00edticos del perd\u00f3n, como la Sierra Club, lo ven como un precedente peligroso. Por otro lado, defensores como la American Trail Running Association celebran el indulto como una victoria para la \u00abdiscreci\u00f3n judicial\u00bb en casos de bajo impacto.<\/p>\n<p>Este debate no solo divide opiniones, sino que obliga a la comunidad a equilibrar la pasi\u00f3n por la monta\u00f1a con la responsabilidad ambiental, record\u00e1ndonos que cada paso en el sendero deja una huella invisible.<\/p>\n<p><\/p>\n<p><strong>Reflexi\u00f3n<\/strong><\/p>\n<p>Este episodio nos invita a reflexionar.<\/p>\n<p>En trails como el de los Picos de Europa en Espa\u00f1a, las reglas son similares: \u00abLeave No Trace es dogma\u201d.<\/p>\n<p>\u00bfVeremos indultos similares en otros pa\u00edses?<\/p>\n<p>\u00bfO este caso impulsar\u00e1 reformas para diferenciar entre intenciones maliciosas y errores humanos?<\/p>\n<p>Michelino Sunseri, ahora libre para volver a las monta\u00f1as, planea una nueva ascensi\u00f3n al Grand Teton \u00abcon la cabeza en alto y los pies en el sendero\u00bb, seg\u00fan un poste\u00f3 el mismo esta semana en Instagram.<\/p>\n<p>Esta es nuestra noticia semanal de trail running. Un enorme gracias a Alberto uno de nuestros seguidores m\u00e1s activos, por avisarnos de esta joya period\u00edstica.<\/p>\n<p>\u00bfQu\u00e9 opinas sobre este caso? \u00bfHas vivido un dilema \u00e9tico en tus carreras? Comparte en los comentarios. \u00a1Sigue corriendo, sigue explorando!<\/p>\n<p><\/p>\n<p><strong>Enlaces oficiales:<\/strong><\/p>\n<p>Art\u00edculo original en The Guardian: <a href=\"https:\/\/www.theguardian.com\/sport\/2025\/nov\/11\/michelino-sunseri-pardon-trump-grand-teton\">Trump pardons trail runner convicted after taking shortcut during record run<\/a><\/p>\n<p><a href=\"http:\/\/kt.com\/route\/grand-teton\">Fastest Known Time (FKT) del Grand Teton<\/a><\/p>\n<p><a href=\"http:\/\/whitehouse.gov\/briefing-room\/presidential-actions\">Comunicado de la Casa Blanca<\/a><\/p><p>Hastag #FreeMichelino<\/p>\n<p><\/p>\t\t\t\t\t\t\t\t<\/div>\n\t\t\t\t<\/div>\n\t\t\t\t\t<\/div>\n\t\t\t\t<\/div>\n\t\t<div class=\"elementor-element elementor-element-61999a6 e-flex e-con-boxed e-con e-parent\" data-id=\"61999a6\" data-element_type=\"container\" data-e-type=\"container\">\n\t\t\t\t\t<div class=\"e-con-inner\">\n\t\t\t\t<div class=\"elementor-element elementor-element-cc84321 elementor-widget elementor-widget-video\" data-id=\"cc84321\" data-element_type=\"widget\" data-e-type=\"widget\" data-settings=\"{&quot;youtube_url&quot;:&quot;https:\\\/\\\/www.youtube.com\\\/shorts\\\/um_tzpIuX9s&quot;,&quot;video_type&quot;:&quot;youtube&quot;,&quot;controls&quot;:&quot;yes&quot;}\" data-widget_type=\"video.default\">\n\t\t\t\t<div class=\"elementor-widget-container\">\n\t\t\t\t\t\t\t<div class=\"elementor-wrapper elementor-open-inline\">\n\t\t\t<div class=\"elementor-video\"><\/div>\t\t<\/div>\n\t\t\t\t\t\t<\/div>\n\t\t\t\t<\/div>\n\t\t\t\t\t<\/div>\n\t\t\t\t<\/div>\n\t\t\t\t<\/div>\n\t\t","protected":false},"excerpt":{"rendered":"<p>Un esc\u00e1ndalo que une pol\u00edtica y monta\u00f1a: El perd\u00f3n presidencial a Michelino Sunseri divide opiniones en el mundo del trail running. En nuestra noticia semanal dedicada a las carreras por monta\u00f1a, agradecemos a nuestro fiel seguidor Alberto por alertarnos de esta exclusiva publicada en The Guardian esta semana. Exploramos el caso de Michelino Sunseri, el&#8230;<\/p>\n","protected":false},"author":1,"featured_media":0,"comment_status":"open","ping_status":"open","sticky":false,"template":"","format":"standard","meta":{"_uag_custom_page_level_css":"","_kad_post_transparent":"","_kad_post_title":"","_kad_post_layout":"","_kad_post_sidebar_id":"","_kad_post_content_style":"","_kad_post_vertical_padding":"","_kad_post_feature":"","_kad_post_feature_position":"","_kad_post_header":false,"_kad_post_footer":false,"_kad_post_classname":"","footnotes":""},"categories":[46],"tags":[],"class_list":["post-4014","post","type-post","status-publish","format-standard","hentry","category-noticias-trail-running"],"uagb_featured_image_src":{"full":false,"thumbnail":false,"medium":false,"medium_large":false,"large":false,"1536x1536":false,"2048x2048":false,"trp-custom-language-flag":false,"qi_addons_for_elementor_image_size_square":false,"qi_addons_for_elementor_image_size_landscape":false,"qi_addons_for_elementor_image_size_portrait":false,"qi_addons_for_elementor_image_size_huge-square":false},"uagb_author_info":{"display_name":"Trade &amp; Trail","author_link":"https:\/\/tradeandtrail.net\/es\/author\/tradeandtrail74gmail-com\/"},"uagb_comment_info":7,"uagb_excerpt":"Un esc\u00e1ndalo que une pol\u00edtica y monta\u00f1a: El perd\u00f3n presidencial a Michelino Sunseri divide opiniones en el mundo del trail running. En nuestra noticia semanal dedicada a las carreras por monta\u00f1a, agradecemos a nuestro fiel seguidor Alberto por alertarnos de esta exclusiva publicada en The Guardian esta semana. Exploramos el caso de Michelino Sunseri, el...","rttpg_featured_image_url":null,"rttpg_author":{"display_name":"Trade &amp; Trail","author_link":"https:\/\/tradeandtrail.net\/es\/author\/tradeandtrail74gmail-com\/"},"rttpg_comment":7,"rttpg_category":"<a href=\"https:\/\/tradeandtrail.net\/es\/category\/trail-running\/noticias-trail-running\/\" rel=\"category tag\">Noticias<\/a>","rttpg_excerpt":"Un esc\u00e1ndalo que une pol\u00edtica y monta\u00f1a: El perd\u00f3n presidencial a Michelino Sunseri divide opiniones en el mundo del trail running. En nuestra noticia semanal dedicada a las carreras por monta\u00f1a, agradecemos a nuestro fiel seguidor Alberto por alertarnos de esta exclusiva publicada en The Guardian esta semana. Exploramos el caso de Michelino Sunseri, el...","_links":{"self":[{"href":"https:\/\/tradeandtrail.net\/es\/wp-json\/wp\/v2\/posts\/4014","targetHints":{"allow":["GET"]}}],"collection":[{"href":"https:\/\/tradeandtrail.net\/es\/wp-json\/wp\/v2\/posts"}],"about":[{"href":"https:\/\/tradeandtrail.net\/es\/wp-json\/wp\/v2\/types\/post"}],"author":[{"embeddable":true,"href":"https:\/\/tradeandtrail.net\/es\/wp-json\/wp\/v2\/users\/1"}],"replies":[{"embeddable":true,"href":"https:\/\/tradeandtrail.net\/es\/wp-json\/wp\/v2\/comments?post=4014"}],"version-history":[{"count":6,"href":"https:\/\/tradeandtrail.net\/es\/wp-json\/wp\/v2\/posts\/4014\/revisions"}],"predecessor-version":[{"id":4021,"href":"https:\/\/tradeandtrail.net\/es\/wp-json\/wp\/v2\/posts\/4014\/revisions\/4021"}],"wp:attachment":[{"href":"https:\/\/tradeandtrail.net\/es\/wp-json\/wp\/v2\/media?parent=4014"}],"wp:term":[{"taxonomy":"category","embeddable":true,"href":"https:\/\/tradeandtrail.net\/es\/wp-json\/wp\/v2\/categories?post=4014"},{"taxonomy":"post_tag","embeddable":true,"href":"https:\/\/tradeandtrail.net\/es\/wp-json\/wp\/v2\/tags?post=4014"}],"curies":[{"name":"wp","href":"https:\/\/api.w.org\/{rel}","templated":true}]}}