{"id":4093,"date":"2025-12-12T18:13:40","date_gmt":"2025-12-12T18:13:40","guid":{"rendered":"https:\/\/tradeandtrail.net\/es\/%f0%9f%a5%87-maraton-valencia-trinidad-alfonso-zurich-2025-valencia-consolida-su-liderazgo-como-el-maraton-mas-rapido-del-mundo\/"},"modified":"2025-12-12T18:31:03","modified_gmt":"2025-12-12T18:31:03","slug":"%f0%9f%a5%87-maraton-valencia-trinidad-alfonso-zurich-2025-valencia-consolida-su-liderazgo-como-el-maraton-mas-rapido-del-mundo","status":"publish","type":"post","link":"https:\/\/tradeandtrail.net\/es\/%f0%9f%a5%87-maraton-valencia-trinidad-alfonso-zurich-2025-valencia-consolida-su-liderazgo-como-el-maraton-mas-rapido-del-mundo\/","title":{"rendered":"\ud83e\udd47  Marat\u00f3n Valencia Trinidad Alfonso Zurich 2025 : Valencia Consolida su Liderazgo como el Marat\u00f3n M\u00e1s R\u00e1pido del Mundo"},"content":{"rendered":"\t\t<div data-elementor-type=\"wp-post\" data-elementor-id=\"4093\" class=\"elementor elementor-4093\">\n\t\t\t\t<div class=\"elementor-element elementor-element-8deec9d e-flex e-con-boxed e-con e-parent\" data-id=\"8deec9d\" data-element_type=\"container\" data-e-type=\"container\">\n\t\t\t\t\t<div class=\"e-con-inner\">\n\t\t\t\t<div class=\"elementor-element elementor-element-a9df245 elementor-position-top elementor-widget elementor-widget-image-box\" data-id=\"a9df245\" data-element_type=\"widget\" data-e-type=\"widget\" data-widget_type=\"image-box.default\">\n\t\t\t\t<div class=\"elementor-widget-container\">\n\t\t\t\t\t<div class=\"elementor-image-box-wrapper\"><figure class=\"elementor-image-box-img\"><img fetchpriority=\"high\" decoding=\"async\" width=\"1800\" height=\"1202\" src=\"https:\/\/tradeandtrail.net\/wp-content\/uploads\/2025\/12\/image-1.png\" class=\"attachment-full size-full wp-image-4096\" alt=\"\" srcset=\"https:\/\/tradeandtrail.net\/wp-content\/uploads\/2025\/12\/image-1.png 1800w, https:\/\/tradeandtrail.net\/wp-content\/uploads\/2025\/12\/image-1-300x200.png 300w, https:\/\/tradeandtrail.net\/wp-content\/uploads\/2025\/12\/image-1-1024x684.png 1024w, https:\/\/tradeandtrail.net\/wp-content\/uploads\/2025\/12\/image-1-768x513.png 768w, https:\/\/tradeandtrail.net\/wp-content\/uploads\/2025\/12\/image-1-1536x1026.png 1536w, https:\/\/tradeandtrail.net\/wp-content\/uploads\/2025\/12\/image-1-18x12.png 18w\" sizes=\"(max-width: 1800px) 100vw, 1800px\" \/><\/figure><div class=\"elementor-image-box-content\"><h3 class=\"elementor-image-box-title\">Marat\u00f3n Valencia 2025<br>Sisay Lemma (2:01:48) y Almaz Ayana (2:16:22) pulverizan el R\u00e9cord del Circuito.<\/h3><p class=\"elementor-image-box-description\">La edici\u00f3n hist\u00f3rica agot\u00f3 35.000 dorsales y gener\u00f3 un impacto econ\u00f3mico superior a los 20 millones \u20ac.<\/p><\/div><\/div>\t\t\t\t<\/div>\n\t\t\t\t<\/div>\n\t\t\t\t\t<\/div>\n\t\t\t\t<\/div>\n\t\t<div class=\"elementor-element elementor-element-a3fe154 e-flex e-con-boxed e-con e-parent\" data-id=\"a3fe154\" data-element_type=\"container\" data-e-type=\"container\">\n\t\t\t\t\t<div class=\"e-con-inner\">\n\t\t\t\t<div class=\"elementor-element elementor-element-a4dd435 elementor-widget elementor-widget-text-editor\" data-id=\"a4dd435\" data-element_type=\"widget\" data-e-type=\"widget\" data-widget_type=\"text-editor.default\">\n\t\t\t\t<div class=\"elementor-widget-container\">\n\t\t\t\t\t\t\t\t\t<p>\u00a0El Marat\u00f3n Valencia Trinidad Alfonso Zurich 2025 ha vuelto a ser un fen\u00f3meno organizativo, agotando los 35.000 dorsales en tiempo r\u00e9cord.<\/p><p>El \u00e9xito de la prueba se basa en su recorrido: un circuito extremadamente plano y que garantiza las m\u00ednimas variaciones de altitud, ideal para la \u00e9lite y los corredores populares.<\/p><p><strong>R\u00e9cords del Circuito: Sisay Lemma y Almaz Ayana<\/strong><\/p><p>La ma\u00f1ana del domingo entreg\u00f3 dos actuaciones hist\u00f3ricas con nuevos R\u00e9cords del Circuito, reafirmando la velocidad del circuito valenciano.<\/p>\t\t\t\t\t\t\t\t<\/div>\n\t\t\t\t<\/div>\n\t\t\t\t\t<\/div>\n\t\t\t\t<\/div>\n\t\t<div class=\"elementor-element elementor-element-0844342 e-flex e-con-boxed e-con e-parent\" data-id=\"0844342\" data-element_type=\"container\" data-e-type=\"container\">\n\t\t\t\t\t<div class=\"e-con-inner\">\n\t\t\t\t<div class=\"elementor-element elementor-element-594572a elementor-widget elementor-widget-image\" data-id=\"594572a\" data-element_type=\"widget\" data-e-type=\"widget\" data-widget_type=\"image.default\">\n\t\t\t\t<div class=\"elementor-widget-container\">\n\t\t\t\t\t\t\t\t\t\t\t\t\t\t\t<img decoding=\"async\" width=\"765\" height=\"140\" src=\"https:\/\/tradeandtrail.net\/wp-content\/uploads\/2025\/12\/image.png\" class=\"attachment-large size-large wp-image-4097\" alt=\"\" srcset=\"https:\/\/tradeandtrail.net\/wp-content\/uploads\/2025\/12\/image.png 765w, https:\/\/tradeandtrail.net\/wp-content\/uploads\/2025\/12\/image-300x55.png 300w, https:\/\/tradeandtrail.net\/wp-content\/uploads\/2025\/12\/image-18x3.png 18w\" sizes=\"(max-width: 765px) 100vw, 765px\" \/>\t\t\t\t\t\t\t\t\t\t\t\t\t\t\t<\/div>\n\t\t\t\t<\/div>\n\t\t\t\t\t<\/div>\n\t\t\t\t<\/div>\n\t\t<div class=\"elementor-element elementor-element-122eb0b e-flex e-con-boxed e-con e-parent\" data-id=\"122eb0b\" data-element_type=\"container\" data-e-type=\"container\">\n\t\t\t\t\t<div class=\"e-con-inner\">\n\t\t\t\t<div class=\"elementor-element elementor-element-28d9b55 elementor-widget elementor-widget-text-editor\" data-id=\"28d9b55\" data-element_type=\"widget\" data-e-type=\"widget\" data-widget_type=\"text-editor.default\">\n\t\t\t\t<div class=\"elementor-widget-container\">\n\t\t\t\t\t\t\t\t\t<p>\u00a0El <strong>nuevo r\u00e9cord masculino (2:01:48)<\/strong> se forj\u00f3 con el ataque de <a href=\"https:\/\/www.instagram.com\/sisay8141\/\"><strong>Sisay Lemma<\/strong> <\/a>entre los kil\u00f3metros 32 y 35, separ\u00e1ndose de sus rivales con un cambio de ritmo brutal.<\/p><p>Mientras que en la categor\u00eda femenina, <a href=\"https:\/\/www.instagram.com\/almazayana\/?hl=es\"><strong>Almaz Ayana<\/strong><\/a> demostr\u00f3 una paciencia t\u00e1ctica, lanzando su ataque decisivo tras el kil\u00f3metro 33 para consolidar su ventaja y llevarse el <strong>R\u00e9cord del Circuito Femenino (2:16:22).<\/strong><\/p>\t\t\t\t\t\t\t\t<\/div>\n\t\t\t\t<\/div>\n\t\t\t\t\t<\/div>\n\t\t\t\t<\/div>\n\t\t<div class=\"elementor-element elementor-element-ba6fb48 e-flex e-con-boxed e-con e-parent\" data-id=\"ba6fb48\" data-element_type=\"container\" data-e-type=\"container\">\n\t\t\t\t\t<div class=\"e-con-inner\">\n\t\t\t\t<div class=\"elementor-element elementor-element-4db4b44 elementor-widget elementor-widget-image\" data-id=\"4db4b44\" data-element_type=\"widget\" data-e-type=\"widget\" data-widget_type=\"image.default\">\n\t\t\t\t<div class=\"elementor-widget-container\">\n\t\t\t\t\t\t\t\t\t\t\t\t\t\t\t<img decoding=\"async\" width=\"1024\" height=\"551\" src=\"https:\/\/tradeandtrail.net\/wp-content\/uploads\/2025\/12\/image-2-1024x551.png\" class=\"attachment-large size-large wp-image-4098\" alt=\"\" srcset=\"https:\/\/tradeandtrail.net\/wp-content\/uploads\/2025\/12\/image-2-1024x551.png 1024w, https:\/\/tradeandtrail.net\/wp-content\/uploads\/2025\/12\/image-2-300x161.png 300w, https:\/\/tradeandtrail.net\/wp-content\/uploads\/2025\/12\/image-2-768x413.png 768w, https:\/\/tradeandtrail.net\/wp-content\/uploads\/2025\/12\/image-2-1536x826.png 1536w, https:\/\/tradeandtrail.net\/wp-content\/uploads\/2025\/12\/image-2-18x10.png 18w\" sizes=\"(max-width: 1024px) 100vw, 1024px\" \/>\t\t\t\t\t\t\t\t\t\t\t\t\t\t\t<\/div>\n\t\t\t\t<\/div>\n\t\t\t\t\t<\/div>\n\t\t\t\t<\/div>\n\t\t<div class=\"elementor-element elementor-element-7166a79c e-flex e-con-boxed e-con e-parent\" data-id=\"7166a79c\" data-element_type=\"container\" data-e-type=\"container\">\n\t\t\t\t\t<div class=\"e-con-inner\">\n\t\t\t\t<div class=\"elementor-element elementor-element-7e583647 elementor-widget elementor-widget-text-editor\" data-id=\"7e583647\" data-element_type=\"widget\" data-e-type=\"widget\" data-widget_type=\"text-editor.default\">\n\t\t\t\t<div class=\"elementor-widget-container\">\n\t\t\t\t\t\t\t\t\t<p>\u00a0<strong>Impacto Econ\u00f3mico y Cobertura Global<\/strong><\/p><p>El Marat\u00f3n Valencia 2025 se ha consolidado como un activo financiero de primera magnitud.<\/p><p>El impacto econ\u00f3mico estimado super\u00f3 los 20 millones \u20ac, distribuido a lo largo de diversos sectores:<\/p><p style=\"padding-left: 40px;\">Hosteler\u00eda y Turismo: La alta afluencia de corredores (m\u00e1s del 50% de fuera de la Comunidad Valenciana) y sus acompa\u00f1antes se tradujo en una ocupaci\u00f3n hotelera cercana al 100% durante el fin de semana.<\/p><p style=\"padding-left: 40px;\">Comercio Local: El sector minorista, especialmente la Feria del Corredor y los negocios locales de restauraci\u00f3n, experimentaron un aumento significativo en las ventas, inyectando liquidez directa en la econom\u00eda de la ciudad.<\/p><p style=\"padding-left: 40px;\">Empleo: La log\u00edstica, seguridad, catering y organizaci\u00f3n del evento generaron cientos de puestos de trabajo directos e indirectos, dinamizando el mercado laboral local.<\/p><p><strong>Cobertura Medi\u00e1tica Masiva<\/strong><\/p><p>Por otro lado, la magnitud deportiva del evento garantiz\u00f3 una difusi\u00f3n sin igual.<\/p><p>La carrera fue retransmitida en directo por televisi\u00f3n a trav\u00e9s de las principales cadenas deportivas de Europa, Asia y Am\u00e9rica. Se estima que la audiencia global super\u00f3 los 50 millones de espectadores a lo largo del d\u00eda.<\/p><p>A esto se sum\u00f3 la cobertura constante en emisoras de radio nacionales y locales, y una explosi\u00f3n de contenido en redes sociales (X, Instagram, TikTok), donde los 35.000 finishers actuaron como embajadores, amplificando la imagen de Valencia como destino deportivo de clase mundial.<\/p><p><strong>Liderazgo Indiscutible<\/strong><\/p><p>En resumen, el Marat\u00f3n Valencia 2025 ha vuelto a triunfar, no solo con las plusmarcas de Sisay Lemma y Almaz Ayana, sino con un impacto social y econ\u00f3mico que beneficia a toda la ciudad.<\/p><p>La velocidad de leyenda es su se\u00f1a de identidad, y Valencia ya se prepara para el inevitable asalto al r\u00e9cord mundial absoluto en la pr\u00f3xima edici\u00f3n.<\/p><p><strong>\ud83d\udd17 Link Oficial:\u00a0<\/strong><\/p>\t\t\t\t\t\t\t\t<\/div>\n\t\t\t\t<\/div>\n\t\t\t\t\t<\/div>\n\t\t\t\t<\/div>\n\t\t<div class=\"elementor-element elementor-element-86ae6f9 e-flex e-con-boxed e-con e-parent\" data-id=\"86ae6f9\" data-element_type=\"container\" data-e-type=\"container\">\n\t\t\t\t\t<div class=\"e-con-inner\">\n\t\t<div class=\"elementor-element elementor-element-1319397 e-con-full e-flex e-con e-child\" data-id=\"1319397\" data-element_type=\"container\" data-e-type=\"container\">\n\t\t\t\t<div class=\"elementor-element elementor-element-29e821a elementor-widget elementor-widget-image\" data-id=\"29e821a\" data-element_type=\"widget\" data-e-type=\"widget\" data-widget_type=\"image.default\">\n\t\t\t\t<div class=\"elementor-widget-container\">\n\t\t\t\t\t\t\t\t\t\t\t\t\t\t\t<img loading=\"lazy\" decoding=\"async\" width=\"250\" height=\"200\" src=\"https:\/\/tradeandtrail.net\/wp-content\/uploads\/2025\/12\/Plano-Maraton-Valencia.jpeg\" class=\"attachment-large size-large wp-image-4099\" alt=\"\" srcset=\"https:\/\/tradeandtrail.net\/wp-content\/uploads\/2025\/12\/Plano-Maraton-Valencia.jpeg 250w, https:\/\/tradeandtrail.net\/wp-content\/uploads\/2025\/12\/Plano-Maraton-Valencia-15x12.jpeg 15w\" sizes=\"(max-width: 250px) 100vw, 250px\" \/>\t\t\t\t\t\t\t\t\t\t\t\t\t\t\t<\/div>\n\t\t\t\t<\/div>\n\t\t\t\t<\/div>\n\t\t<div class=\"elementor-element elementor-element-4fa729b e-con-full e-flex e-con e-child\" data-id=\"4fa729b\" data-element_type=\"container\" data-e-type=\"container\">\n\t\t\t\t<div class=\"elementor-element elementor-element-eb38afc elementor-widget elementor-widget-text-editor\" data-id=\"eb38afc\" data-element_type=\"widget\" data-e-type=\"widget\" data-widget_type=\"text-editor.default\">\n\t\t\t\t<div class=\"elementor-widget-container\">\n\t\t\t\t\t\t\t\t\t<p>\u00a0<\/p><p><a href=\"https:\/\/www.valenciaciudaddelrunning.com\/maraton\/maraton\/\">https:\/\/www.valenciaciudaddelrunning.com\/maraton\/maraton\/<\/a><\/p>\t\t\t\t\t\t\t\t<\/div>\n\t\t\t\t<\/div>\n\t\t\t\t<\/div>\n\t\t\t\t\t<\/div>\n\t\t\t\t<\/div>\n\t\t\t\t<\/div>\n\t\t","protected":false},"excerpt":{"rendered":"<p>Marat\u00f3n Valencia 2025Sisay Lemma (2:01:48) y Almaz Ayana (2:16:22) pulverizan el R\u00e9cord del Circuito. La edici\u00f3n hist\u00f3rica agot\u00f3 35.000 dorsales y gener\u00f3 un impacto econ\u00f3mico superior a los 20 millones \u20ac. \u00a0El Marat\u00f3n Valencia Trinidad Alfonso Zurich 2025 ha vuelto a ser un fen\u00f3meno organizativo, agotando los 35.000 dorsales en tiempo r\u00e9cord. El \u00e9xito de&#8230;<\/p>\n","protected":false},"author":1,"featured_media":0,"comment_status":"open","ping_status":"open","sticky":false,"template":"","format":"standard","meta":{"_uag_custom_page_level_css":"","_kad_post_transparent":"","_kad_post_title":"","_kad_post_layout":"","_kad_post_sidebar_id":"","_kad_post_content_style":"","_kad_post_vertical_padding":"","_kad_post_feature":"","_kad_post_feature_position":"","_kad_post_header":false,"_kad_post_footer":false,"_kad_post_classname":"","footnotes":""},"categories":[43],"tags":[],"class_list":["post-4093","post","type-post","status-publish","format-standard","hentry","category-noticias-running"],"uagb_featured_image_src":{"full":false,"thumbnail":false,"medium":false,"medium_large":false,"large":false,"1536x1536":false,"2048x2048":false,"trp-custom-language-flag":false,"qi_addons_for_elementor_image_size_square":false,"qi_addons_for_elementor_image_size_landscape":false,"qi_addons_for_elementor_image_size_portrait":false,"qi_addons_for_elementor_image_size_huge-square":false},"uagb_author_info":{"display_name":"Trade &amp; Trail","author_link":"https:\/\/tradeandtrail.net\/es\/author\/tradeandtrail74gmail-com\/"},"uagb_comment_info":13,"uagb_excerpt":"Marat\u00f3n Valencia 2025Sisay Lemma (2:01:48) y Almaz Ayana (2:16:22) pulverizan el R\u00e9cord del Circuito. La edici\u00f3n hist\u00f3rica agot\u00f3 35.000 dorsales y gener\u00f3 un impacto econ\u00f3mico superior a los 20 millones \u20ac. \u00a0El Marat\u00f3n Valencia Trinidad Alfonso Zurich 2025 ha vuelto a ser un fen\u00f3meno organizativo, agotando los 35.000 dorsales en tiempo r\u00e9cord. El \u00e9xito de...","rttpg_featured_image_url":null,"rttpg_author":{"display_name":"Trade &amp; Trail","author_link":"https:\/\/tradeandtrail.net\/es\/author\/tradeandtrail74gmail-com\/"},"rttpg_comment":13,"rttpg_category":"<a href=\"https:\/\/tradeandtrail.net\/es\/category\/running\/noticias-running\/\" rel=\"category tag\">Noticias<\/a>","rttpg_excerpt":"Marat\u00f3n Valencia 2025Sisay Lemma (2:01:48) y Almaz Ayana (2:16:22) pulverizan el R\u00e9cord del Circuito. La edici\u00f3n hist\u00f3rica agot\u00f3 35.000 dorsales y gener\u00f3 un impacto econ\u00f3mico superior a los 20 millones \u20ac. \u00a0El Marat\u00f3n Valencia Trinidad Alfonso Zurich 2025 ha vuelto a ser un fen\u00f3meno organizativo, agotando los 35.000 dorsales en tiempo r\u00e9cord. El \u00e9xito de...","_links":{"self":[{"href":"https:\/\/tradeandtrail.net\/es\/wp-json\/wp\/v2\/posts\/4093","targetHints":{"allow":["GET"]}}],"collection":[{"href":"https:\/\/tradeandtrail.net\/es\/wp-json\/wp\/v2\/posts"}],"about":[{"href":"https:\/\/tradeandtrail.net\/es\/wp-json\/wp\/v2\/types\/post"}],"author":[{"embeddable":true,"href":"https:\/\/tradeandtrail.net\/es\/wp-json\/wp\/v2\/users\/1"}],"replies":[{"embeddable":true,"href":"https:\/\/tradeandtrail.net\/es\/wp-json\/wp\/v2\/comments?post=4093"}],"version-history":[{"count":4,"href":"https:\/\/tradeandtrail.net\/es\/wp-json\/wp\/v2\/posts\/4093\/revisions"}],"predecessor-version":[{"id":4102,"href":"https:\/\/tradeandtrail.net\/es\/wp-json\/wp\/v2\/posts\/4093\/revisions\/4102"}],"wp:attachment":[{"href":"https:\/\/tradeandtrail.net\/es\/wp-json\/wp\/v2\/media?parent=4093"}],"wp:term":[{"taxonomy":"category","embeddable":true,"href":"https:\/\/tradeandtrail.net\/es\/wp-json\/wp\/v2\/categories?post=4093"},{"taxonomy":"post_tag","embeddable":true,"href":"https:\/\/tradeandtrail.net\/es\/wp-json\/wp\/v2\/tags?post=4093"}],"curies":[{"name":"wp","href":"https:\/\/api.w.org\/{rel}","templated":true}]}}